{"id":5143,"date":"2024-07-29T16:54:27","date_gmt":"2024-07-29T14:54:27","guid":{"rendered":"https:\/\/tewis.com\/?p=5143"},"modified":"2024-07-29T17:31:35","modified_gmt":"2024-07-29T15:31:35","slug":"tewis-en-chillventa-2024","status":"publish","type":"post","link":"https:\/\/tewis.com\/en\/tewis-en-chillventa-2024\/","title":{"rendered":"Tewis presentar\u00e1 sus propuestas en refrigeraci\u00f3n en Chillventa 2024"},"content":{"rendered":"<p>[et_pb_section fb_built=&#8221;1&#8243; _builder_version=&#8221;4.23.4&#8243; _module_preset=&#8221;default&#8221; custom_margin=&#8221;-15px||||false|false&#8221; global_colors_info=&#8221;{}&#8221;][et_pb_row _builder_version=&#8221;4.23.4&#8243; _module_preset=&#8221;default&#8221; global_colors_info=&#8221;{}&#8221;][et_pb_column type=&#8221;4_4&#8243; _builder_version=&#8221;4.23.4&#8243; _module_preset=&#8221;default&#8221; global_colors_info=&#8221;{}&#8221;][et_pb_heading title=&#8221;Daikin Europe mostrar\u00e1 soluciones pioneras para la cadena de fr\u00edo en Chillventa 2024&#8243; _builder_version=&#8221;4.23.4&#8243; _module_preset=&#8221;default&#8221; global_colors_info=&#8221;{}&#8221;][\/et_pb_heading][\/et_pb_column][\/et_pb_row][et_pb_row _builder_version=&#8221;4.23.4&#8243; _module_preset=&#8221;default&#8221; global_colors_info=&#8221;{}&#8221;][et_pb_column type=&#8221;4_4&#8243; _builder_version=&#8221;4.23.4&#8243; _module_preset=&#8221;default&#8221; global_colors_info=&#8221;{}&#8221;][et_pb_text _builder_version=&#8221;4.23.4&#8243; _module_preset=&#8221;default&#8221; global_colors_info=&#8221;{}&#8221;]<\/p>\n<p style=\"text-align: justify;\"><strong>Bruselas, 26, julio 2024 &#8211; Daikin Europe, l\u00edder mundial en soluciones de refrigeraci\u00f3n y cadena de fr\u00edo, se complace en anunciar su participaci\u00f3n en Chillventa 2024, la principal feria internacional de refrigeraci\u00f3n y cadena de fr\u00edo. El evento de este a\u00f1o tendr\u00e1 lugar del 8 al 10 de Octubre de 2024 en la feria de Nuremberg<\/strong><\/p>\n<blockquote>\n<p style=\"text-align: justify;\"><strong><a href=\"http:\/\/www.tewis.com\">Tewis<\/a> participar\u00e1 en el stand de Chillventa con sus propuestas innovadoras para la refrigeraci\u00f3n.<\/strong><\/p>\n<p style=\"text-align: justify;\"><strong>Mostrar\u00e1 el nuevo equipo miniSmart Duplex con el sistema propio incorporado ECO2SMART+ y la nueva NV58+<\/strong><\/p>\n<\/blockquote>\n<p><strong><\/strong><\/p>\n<h2><strong>Soluciones pioneras para la cadena de fr\u00edo<\/strong><\/h2>\n<p style=\"text-align: justify;\">Durante la feria, Daikin Europe Cold Chain pretende inspirar y comprometer a todas las partes interesadas del sector de la cadena de fr\u00edo a trav\u00e9s de su din\u00e1mica plataforma de reuniones que se extiende por un stand de casi 450 m\u00b2.<\/p>\n<p style=\"text-align: justify;\"><strong><em><a href=\"https:\/\/www.linkedin.com\/in\/olivier-lagrabette-4545a48\/\">Olivier Lagrabette<\/a>, director del departamento Daikin Europe Cold Chain: &#8220;<\/em><\/strong><em>Como Daikin Europe Cold Chain, nuestro stand ser\u00e1 un centro de atenci\u00f3n para desvelar nuestras \u00faltimas innovaciones y soluciones integrales en todo el espectro de la cadena de fr\u00edo, presentando nuestras marcas Daikin, <a href=\"https:\/\/es.aht.at\/\">AHT<\/a>, <a href=\"https:\/\/www.hubbard.co.uk\/\">Hubbard<\/a>, <a href=\"tewis.com\">Tewis<\/a> y <a href=\"https:\/\/www.zanotti.com\/\">Zanotti.<\/a> Nuestro objetivo es facilitar debates impactantes, intercambiar ideas y mostrar nuestro compromiso con el avance de la eficiencia, la sostenibilidad y la fiabilidad de las operaciones de la cadena de fr\u00edo a nivel mundial.&#8221;<\/em><\/p>\n<h2><strong>\u201cUnidos m\u00e1s all\u00e1 del fr\u00edo\u201d como tema<\/strong><\/h2>\n<p style=\"text-align: justify;\">El tema, United Beyond Cold (Unidos m\u00e1s all\u00e1 del fr\u00edo), pone de relieve el compromiso de Daikin de mostrar la experiencia colectiva de todos los equipos y marcas de la cadena de fr\u00edo de Daikin en un \u00fanico stand.<\/p>\n<p style=\"text-align: justify;\">Destacando nuestro sistema diferenciado Daikin CO2, Daikin Europe Cold Chain mostrar\u00e1 su amplia cartera y\u00a0 \u00a0 \u00a0desvelar\u00e1 nuevos productos y soluciones en refrigeraci\u00f3n comercial, subrayando su enfoque integral. Los visitantes podr\u00e1n explorar soluciones de sistemas innovadores con refrigerantes R290 y CO2, tecnolog\u00eda Monoblock de nueva generaci\u00f3n, soluciones avanzadas para aplicaciones industriales y semi-industriales, y productos digitales dise\u00f1ados para monitorizar todos los dispositivos electr\u00f3nicos de un supermercado, mejorando la eficiencia operativa y la fiabilidad. Esto incluye el debut del <strong>nuevo AHT Chest Freezer<\/strong>, una innovaci\u00f3n preparada para transformar la industria de la refrigeraci\u00f3n plug-in comercial, y el nuevo <strong>SPI CIRCUMPOLAR<\/strong> modular, una unidad central en el eficiente Sistema Semi Plug-in (SPI).<\/p>\n<h2><strong>La estrategia m\u00e1s amplia de Daikin en materia de refrigerantes<\/strong><\/h2>\n<p style=\"text-align: justify;\">En vista de la revisi\u00f3n de la normativa sobre gases fluorados, Daikin tambi\u00e9n ofrecer\u00e1 una perspectiva sobre las futuras alternativas de refrigerantes en Europa para los sistemas HVAC-R. Durante el Foro de Especialistas de Chillventa, el 9 de octubre, el fabricante abordar\u00e1 las aplicaciones, la asequibilidad, la seguridad y la preparaci\u00f3n para el futuro de los sistemas HVAC-R que utilicen estos futuros refrigerantes.<\/p>\n<blockquote>\n<p><strong><em>Daikin Europe expondr\u00e1 en el stand 7-150 del pabell\u00f3n 7 de Chillventa (Messe Nuremberg) 2024 del 8 al 10 de octubre de 2024.<\/em><\/strong><\/p>\n<\/blockquote>\n<p><span>\u00a0<\/span><\/p>\n<p><strong>Sobre Daikin Europe N.V.<\/strong><\/p>\n<p style=\"text-align: justify;\">El grupo <a href=\"https:\/\/www.daikin.eu\/\"><strong>Daikin Europe<\/strong><\/a> es un proveedor l\u00edder de tecnolog\u00eda de calefacci\u00f3n, refrigeraci\u00f3n, ventilaci\u00f3n, purificaci\u00f3n de aire y refrigeraci\u00f3n (HVAC-R) en Europa, Oriente Medio y \u00c1frica. Daikin dise\u00f1a, fabrica y ofrece a sus clientes una amplia cartera de productos, servicios de mantenimiento y soluciones llave en mano para fines residenciales, comerciales e industriales. Hasta la actualidad, Daikin Europe cuenta con m\u00e1s de 13.800 empleados en m\u00e1s de 59 filiales. Tiene 14 centros de fabricaci\u00f3n en B\u00e9lgica, Rep\u00fablica Checa, Alemania, Italia, Espa\u00f1a, Austria, Reino Unido, Turqu\u00eda, Emiratos \u00c1rabes Unidos y Reino de Arabia Saud\u00ed. Con sede en Ostende (B\u00e9lgica) desde hace m\u00e1s de 50 a\u00f1os, el grupo Daikin Europe es una filial del grupo mundial Daikin Industries.<\/p>\n<p>&nbsp;<\/p>\n<p><strong>Sobre Daikin Industries Ltd.<\/strong><\/p>\n<p style=\"text-align: justify;\"><strong>Daikin Industries (DIL)<\/strong> es un l\u00edder mundial en tecnolog\u00eda de bombas de calor, aire acondicionado y filtraci\u00f3n de aire con m\u00e1s de 98.000 empleados. Fundada en Osaka en 1924, es el \u00fanico fabricante del mundo que desarrolla y fabrica internamente equipos de calefacci\u00f3n, ventilaci\u00f3n, aire acondicionado y refrigeraci\u00f3n, as\u00ed como compresores y refrigerantes. Daikin fue nombrada una de las 100 empresas m\u00e1s innovadoras del mundo por Clarivate (Reino Unido) y LexisNexis (EE.UU.), reconocida por su liderazgo en investigaci\u00f3n tecnol\u00f3gica y patentes de propiedad intelectual. Para su ejercicio fiscal 2023, Daikin comunic\u00f3 un resultado de ventas r\u00e9cord de 28.000 millones de euros (1 de abril de 2023 &#8211; 31 de marzo de 2024).<\/p>\n<p>Lee m\u00e1s en <span><a href=\"http:\/\/www.daikin.eu\">www.daikin.eu<\/a><\/span> y <span><a href=\"http:\/\/www.daikin.com\">www.daikin.com<\/a><\/span>.<\/p>\n<p><strong><\/strong><\/p>\n<p><strong>Contactos de prensa Daikin Europe N.V.<\/strong><\/p>\n<ul>\n<li><strong>Sofie Sap<\/strong> &#8211; T.: +32 472 580482 Mail: sap.s@daikineurope.com<\/li>\n<li><strong>Daisuke Kakinaga<\/strong> &#8211; T.: +32 465 462321 Mail: kakinaga.d@bxl.daikineurope.com<\/li>\n<\/ul>\n<p><strong>Chillventa Participaci\u00f3n y Productos Persona de contacto Daikin Europe N.V<\/strong><\/p>\n<p><strong>\u00a0<\/strong><\/p>\n<ul>\n<li><strong>Roza Sari<\/strong>: sari.r@daikineurope.com<\/li>\n<li><strong>Carinne Grandjean<\/strong>: grandjean.c@daikineurope.com<\/li>\n<li><strong>Gonzalo Cabanzon Maiztegui<\/strong>: cabanzon.g@bxl.daikineurope.com<\/li>\n<\/ul>\n<p>&nbsp;<\/p>\n<p>[\/et_pb_text][\/et_pb_column][\/et_pb_row][et_pb_row _builder_version=&#8221;4.23.4&#8243; _module_preset=&#8221;default&#8221; global_colors_info=&#8221;{}&#8221;][et_pb_column type=&#8221;4_4&#8243; _builder_version=&#8221;4.23.4&#8243; _module_preset=&#8221;default&#8221; global_colors_info=&#8221;{}&#8221;][et_pb_image src=&#8221;https:\/\/tewis.com\/wp-content\/uploads\/Daikin-at-Chillventa-2024_Image-scaled.jpg&#8221; alt=&#8221;banner informativo de participaci\u00f3n del grupo Daikin Europe en la feria de Chillventa 2024 en Nuremberg&#8221; title_text=&#8221;Daikin at Chillventa 2024_Image&#8221; _builder_version=&#8221;4.23.4&#8243; _module_preset=&#8221;default&#8221; global_colors_info=&#8221;{}&#8221;][\/et_pb_image][\/et_pb_column][\/et_pb_row][\/et_pb_section]<\/p>\n","protected":false},"excerpt":{"rendered":"<p>Tewis estar\u00e1 presente en el stand de Dakin Europe del 8 al 10 de octubre en Chillventa 2024. Toda la fuerza del grupo en un solo stand para mostrar las mejores soluciones de la cadena del fr\u00edo.<\/p>\n","protected":false},"author":3,"featured_media":5145,"comment_status":"open","ping_status":"closed","sticky":false,"template":"","format":"standard","meta":{"_et_pb_use_builder":"on","_et_pb_old_content":"","_et_gb_content_width":"","_exactmetrics_skip_tracking":false,"_exactmetrics_sitenote_active":false,"_exactmetrics_sitenote_note":"","_exactmetrics_sitenote_category":0,"footnotes":""},"categories":[2],"tags":[106,6,12,20,8,90,14],"yoast_head":"<!-- This site is optimized with the Yoast SEO plugin v22.8 - https:\/\/yoast.com\/wordpress\/plugins\/seo\/ -->\n<title>Tewis presentar\u00e1 sus propuestas en refrigeraci\u00f3n en Chillventa 2024 | Tewis<\/title>\n<meta name=\"description\" content=\"Tewis estar\u00e1 presente en el stand de Daikin Europe en Chillventa 2024 presentando con toda la fuerza del grupo las novedades en refrigeraci\u00f3n\" \/>\n<meta name=\"robots\" content=\"index, follow, max-snippet:-1, max-image-preview:large, max-video-preview:-1\" \/>\n<link rel=\"canonical\" href=\"https:\/\/tewis.com\/tewis-en-chillventa-2024\/\" \/>\n<meta property=\"og:locale\" content=\"en_US\" \/>\n<meta property=\"og:type\" content=\"article\" \/>\n<meta property=\"og:title\" content=\"Tewis presentar\u00e1 sus propuestas en refrigeraci\u00f3n en Chillventa 2024 | Tewis\" \/>\n<meta property=\"og:description\" content=\"Tewis estar\u00e1 presente en el stand de Daikin Europe en Chillventa 2024 presentando con toda la fuerza del grupo las novedades en refrigeraci\u00f3n\" \/>\n<meta property=\"og:url\" content=\"https:\/\/tewis.com\/tewis-en-chillventa-2024\/\" \/>\n<meta property=\"og:site_name\" content=\"Tewis\" \/>\n<meta property=\"article:publisher\" content=\"https:\/\/www.facebook.com\/pages\/Tewis-Smart-Solutions-International\/299390543491462\" \/>\n<meta property=\"article:published_time\" content=\"2024-07-29T14:54:27+00:00\" \/>\n<meta property=\"article:modified_time\" content=\"2024-07-29T15:31:35+00:00\" \/>\n<meta property=\"og:image\" content=\"https:\/\/tewis.com\/wp-content\/uploads\/Daikin-at-Chillventa-2024_Image-scaled.jpg\" \/>\n\t<meta property=\"og:image:width\" content=\"2560\" \/>\n\t<meta property=\"og:image:height\" content=\"1920\" \/>\n\t<meta property=\"og:image:type\" content=\"image\/jpeg\" \/>\n<meta name=\"author\" content=\"Marketing TEWIS\" \/>\n<meta name=\"twitter:card\" content=\"summary_large_image\" \/>\n<meta name=\"twitter:creator\" content=\"@tewissmart\" \/>\n<meta name=\"twitter:site\" content=\"@tewissmart\" \/>\n<meta name=\"twitter:label1\" content=\"Written by\" \/>\n\t<meta name=\"twitter:data1\" content=\"Marketing TEWIS\" \/>\n\t<meta name=\"twitter:label2\" content=\"Est. reading time\" \/>\n\t<meta name=\"twitter:data2\" content=\"4 minutes\" \/>\n<script type=\"application\/ld+json\" class=\"yoast-schema-graph\">{\"@context\":\"https:\/\/schema.org\",\"@graph\":[{\"@type\":\"Article\",\"@id\":\"https:\/\/tewis.com\/tewis-en-chillventa-2024\/#article\",\"isPartOf\":{\"@id\":\"https:\/\/tewis.com\/tewis-en-chillventa-2024\/\"},\"author\":{\"name\":\"Marketing TEWIS\",\"@id\":\"https:\/\/tewis.com\/#\/schema\/person\/5fef2857c2d1b77cfb9133da7d517775\"},\"headline\":\"Tewis presentar\u00e1 sus propuestas en refrigeraci\u00f3n en Chillventa 2024\",\"datePublished\":\"2024-07-29T14:54:27+00:00\",\"dateModified\":\"2024-07-29T15:31:35+00:00\",\"mainEntityOfPage\":{\"@id\":\"https:\/\/tewis.com\/tewis-en-chillventa-2024\/\"},\"wordCount\":1018,\"commentCount\":0,\"publisher\":{\"@id\":\"https:\/\/tewis.com\/#organization\"},\"image\":{\"@id\":\"https:\/\/tewis.com\/tewis-en-chillventa-2024\/#primaryimage\"},\"thumbnailUrl\":\"https:\/\/tewis.com\/wp-content\/uploads\/Daikin-at-Chillventa-2024_Image-scaled.jpg\",\"keywords\":[\"chillventa2024\",\"CO2\",\"eficiencia energ\u00e9tica\",\"eventos\",\"Refrigeraci\u00f3n\",\"refrigeracion comercial\",\"Soluciones Tewis\"],\"articleSection\":[\"Tewis\"],\"inLanguage\":\"en-US\",\"potentialAction\":[{\"@type\":\"CommentAction\",\"name\":\"Comment\",\"target\":[\"https:\/\/tewis.com\/tewis-en-chillventa-2024\/#respond\"]}]},{\"@type\":\"WebPage\",\"@id\":\"https:\/\/tewis.com\/tewis-en-chillventa-2024\/\",\"url\":\"https:\/\/tewis.com\/tewis-en-chillventa-2024\/\",\"name\":\"Tewis presentar\u00e1 sus propuestas en refrigeraci\u00f3n en Chillventa 2024 | Tewis\",\"isPartOf\":{\"@id\":\"https:\/\/tewis.com\/#website\"},\"primaryImageOfPage\":{\"@id\":\"https:\/\/tewis.com\/tewis-en-chillventa-2024\/#primaryimage\"},\"image\":{\"@id\":\"https:\/\/tewis.com\/tewis-en-chillventa-2024\/#primaryimage\"},\"thumbnailUrl\":\"https:\/\/tewis.com\/wp-content\/uploads\/Daikin-at-Chillventa-2024_Image-scaled.jpg\",\"datePublished\":\"2024-07-29T14:54:27+00:00\",\"dateModified\":\"2024-07-29T15:31:35+00:00\",\"description\":\"Tewis estar\u00e1 presente en el stand de Daikin Europe en Chillventa 2024 presentando con toda la fuerza del grupo las novedades en refrigeraci\u00f3n\",\"breadcrumb\":{\"@id\":\"https:\/\/tewis.com\/tewis-en-chillventa-2024\/#breadcrumb\"},\"inLanguage\":\"en-US\",\"potentialAction\":[{\"@type\":\"ReadAction\",\"target\":[\"https:\/\/tewis.com\/tewis-en-chillventa-2024\/\"]}]},{\"@type\":\"ImageObject\",\"inLanguage\":\"en-US\",\"@id\":\"https:\/\/tewis.com\/tewis-en-chillventa-2024\/#primaryimage\",\"url\":\"https:\/\/tewis.com\/wp-content\/uploads\/Daikin-at-Chillventa-2024_Image-scaled.jpg\",\"contentUrl\":\"https:\/\/tewis.com\/wp-content\/uploads\/Daikin-at-Chillventa-2024_Image-scaled.jpg\",\"width\":2560,\"height\":1920,\"caption\":\"banner informativo de participaci\u00f3n del grupo Daikin Europe en la feria de Chillventa 2024 en Nuremberg\"},{\"@type\":\"BreadcrumbList\",\"@id\":\"https:\/\/tewis.com\/tewis-en-chillventa-2024\/#breadcrumb\",\"itemListElement\":[{\"@type\":\"ListItem\",\"position\":1,\"name\":\"Portada\",\"item\":\"https:\/\/tewis.com\/en\/\"},{\"@type\":\"ListItem\",\"position\":2,\"name\":\"Tewis presentar\u00e1 sus propuestas en refrigeraci\u00f3n en Chillventa 2024\"}]},{\"@type\":\"WebSite\",\"@id\":\"https:\/\/tewis.com\/#website\",\"url\":\"https:\/\/tewis.com\/\",\"name\":\"Tewis\",\"description\":\"Ingenier\u00eda para la eficiencia\",\"publisher\":{\"@id\":\"https:\/\/tewis.com\/#organization\"},\"potentialAction\":[{\"@type\":\"SearchAction\",\"target\":{\"@type\":\"EntryPoint\",\"urlTemplate\":\"https:\/\/tewis.com\/?s={search_term_string}\"},\"query-input\":\"required name=search_term_string\"}],\"inLanguage\":\"en-US\"},{\"@type\":\"Organization\",\"@id\":\"https:\/\/tewis.com\/#organization\",\"name\":\"Tewis\",\"url\":\"https:\/\/tewis.com\/\",\"logo\":{\"@type\":\"ImageObject\",\"inLanguage\":\"en-US\",\"@id\":\"https:\/\/tewis.com\/#\/schema\/logo\/image\/\",\"url\":\"https:\/\/tewis.com\/wp-content\/uploads\/Tewis-Daikin_logoS.png\",\"contentUrl\":\"https:\/\/tewis.com\/wp-content\/uploads\/Tewis-Daikin_logoS.png\",\"width\":981,\"height\":482,\"caption\":\"Tewis\"},\"image\":{\"@id\":\"https:\/\/tewis.com\/#\/schema\/logo\/image\/\"},\"sameAs\":[\"https:\/\/www.facebook.com\/pages\/Tewis-Smart-Solutions-International\/299390543491462\",\"https:\/\/x.com\/tewissmart\",\"http:\/\/www.linkedin.com\/company\/tewis-smart-system-international\",\"https:\/\/www.youtube.com\/channel\/UC6gxVg8jneuZBUSobS3qFiA\"]},{\"@type\":\"Person\",\"@id\":\"https:\/\/tewis.com\/#\/schema\/person\/5fef2857c2d1b77cfb9133da7d517775\",\"name\":\"Marketing TEWIS\",\"image\":{\"@type\":\"ImageObject\",\"inLanguage\":\"en-US\",\"@id\":\"https:\/\/tewis.com\/#\/schema\/person\/image\/\",\"url\":\"https:\/\/secure.gravatar.com\/avatar\/7b59482a92a47e4bb5776a486948c4bd?s=96&d=mm&r=g\",\"contentUrl\":\"https:\/\/secure.gravatar.com\/avatar\/7b59482a92a47e4bb5776a486948c4bd?s=96&d=mm&r=g\",\"caption\":\"Marketing TEWIS\"}}]}<\/script>\n<!-- \/ Yoast SEO plugin. -->","yoast_head_json":{"title":"Tewis presentar\u00e1 sus propuestas en refrigeraci\u00f3n en Chillventa 2024 | Tewis","description":"Tewis estar\u00e1 presente en el stand de Daikin Europe en Chillventa 2024 presentando con toda la fuerza del grupo las novedades en refrigeraci\u00f3n","robots":{"index":"index","follow":"follow","max-snippet":"max-snippet:-1","max-image-preview":"max-image-preview:large","max-video-preview":"max-video-preview:-1"},"canonical":"https:\/\/tewis.com\/tewis-en-chillventa-2024\/","og_locale":"en_US","og_type":"article","og_title":"Tewis presentar\u00e1 sus propuestas en refrigeraci\u00f3n en Chillventa 2024 | Tewis","og_description":"Tewis estar\u00e1 presente en el stand de Daikin Europe en Chillventa 2024 presentando con toda la fuerza del grupo las novedades en refrigeraci\u00f3n","og_url":"https:\/\/tewis.com\/tewis-en-chillventa-2024\/","og_site_name":"Tewis","article_publisher":"https:\/\/www.facebook.com\/pages\/Tewis-Smart-Solutions-International\/299390543491462","article_published_time":"2024-07-29T14:54:27+00:00","article_modified_time":"2024-07-29T15:31:35+00:00","og_image":[{"width":2560,"height":1920,"url":"https:\/\/tewis.com\/wp-content\/uploads\/Daikin-at-Chillventa-2024_Image-scaled.jpg","type":"image\/jpeg"}],"author":"Marketing TEWIS","twitter_card":"summary_large_image","twitter_creator":"@tewissmart","twitter_site":"@tewissmart","twitter_misc":{"Written by":"Marketing TEWIS","Est. reading time":"4 minutes"},"schema":{"@context":"https:\/\/schema.org","@graph":[{"@type":"Article","@id":"https:\/\/tewis.com\/tewis-en-chillventa-2024\/#article","isPartOf":{"@id":"https:\/\/tewis.com\/tewis-en-chillventa-2024\/"},"author":{"name":"Marketing TEWIS","@id":"https:\/\/tewis.com\/#\/schema\/person\/5fef2857c2d1b77cfb9133da7d517775"},"headline":"Tewis presentar\u00e1 sus propuestas en refrigeraci\u00f3n en Chillventa 2024","datePublished":"2024-07-29T14:54:27+00:00","dateModified":"2024-07-29T15:31:35+00:00","mainEntityOfPage":{"@id":"https:\/\/tewis.com\/tewis-en-chillventa-2024\/"},"wordCount":1018,"commentCount":0,"publisher":{"@id":"https:\/\/tewis.com\/#organization"},"image":{"@id":"https:\/\/tewis.com\/tewis-en-chillventa-2024\/#primaryimage"},"thumbnailUrl":"https:\/\/tewis.com\/wp-content\/uploads\/Daikin-at-Chillventa-2024_Image-scaled.jpg","keywords":["chillventa2024","CO2","eficiencia energ\u00e9tica","eventos","Refrigeraci\u00f3n","refrigeracion comercial","Soluciones Tewis"],"articleSection":["Tewis"],"inLanguage":"en-US","potentialAction":[{"@type":"CommentAction","name":"Comment","target":["https:\/\/tewis.com\/tewis-en-chillventa-2024\/#respond"]}]},{"@type":"WebPage","@id":"https:\/\/tewis.com\/tewis-en-chillventa-2024\/","url":"https:\/\/tewis.com\/tewis-en-chillventa-2024\/","name":"Tewis presentar\u00e1 sus propuestas en refrigeraci\u00f3n en Chillventa 2024 | Tewis","isPartOf":{"@id":"https:\/\/tewis.com\/#website"},"primaryImageOfPage":{"@id":"https:\/\/tewis.com\/tewis-en-chillventa-2024\/#primaryimage"},"image":{"@id":"https:\/\/tewis.com\/tewis-en-chillventa-2024\/#primaryimage"},"thumbnailUrl":"https:\/\/tewis.com\/wp-content\/uploads\/Daikin-at-Chillventa-2024_Image-scaled.jpg","datePublished":"2024-07-29T14:54:27+00:00","dateModified":"2024-07-29T15:31:35+00:00","description":"Tewis estar\u00e1 presente en el stand de Daikin Europe en Chillventa 2024 presentando con toda la fuerza del grupo las novedades en refrigeraci\u00f3n","breadcrumb":{"@id":"https:\/\/tewis.com\/tewis-en-chillventa-2024\/#breadcrumb"},"inLanguage":"en-US","potentialAction":[{"@type":"ReadAction","target":["https:\/\/tewis.com\/tewis-en-chillventa-2024\/"]}]},{"@type":"ImageObject","inLanguage":"en-US","@id":"https:\/\/tewis.com\/tewis-en-chillventa-2024\/#primaryimage","url":"https:\/\/tewis.com\/wp-content\/uploads\/Daikin-at-Chillventa-2024_Image-scaled.jpg","contentUrl":"https:\/\/tewis.com\/wp-content\/uploads\/Daikin-at-Chillventa-2024_Image-scaled.jpg","width":2560,"height":1920,"caption":"banner informativo de participaci\u00f3n del grupo Daikin Europe en la feria de Chillventa 2024 en Nuremberg"},{"@type":"BreadcrumbList","@id":"https:\/\/tewis.com\/tewis-en-chillventa-2024\/#breadcrumb","itemListElement":[{"@type":"ListItem","position":1,"name":"Portada","item":"https:\/\/tewis.com\/en\/"},{"@type":"ListItem","position":2,"name":"Tewis presentar\u00e1 sus propuestas en refrigeraci\u00f3n en Chillventa 2024"}]},{"@type":"WebSite","@id":"https:\/\/tewis.com\/#website","url":"https:\/\/tewis.com\/","name":"Tewis","description":"Ingenier\u00eda para la eficiencia","publisher":{"@id":"https:\/\/tewis.com\/#organization"},"potentialAction":[{"@type":"SearchAction","target":{"@type":"EntryPoint","urlTemplate":"https:\/\/tewis.com\/?s={search_term_string}"},"query-input":"required name=search_term_string"}],"inLanguage":"en-US"},{"@type":"Organization","@id":"https:\/\/tewis.com\/#organization","name":"Tewis","url":"https:\/\/tewis.com\/","logo":{"@type":"ImageObject","inLanguage":"en-US","@id":"https:\/\/tewis.com\/#\/schema\/logo\/image\/","url":"https:\/\/tewis.com\/wp-content\/uploads\/Tewis-Daikin_logoS.png","contentUrl":"https:\/\/tewis.com\/wp-content\/uploads\/Tewis-Daikin_logoS.png","width":981,"height":482,"caption":"Tewis"},"image":{"@id":"https:\/\/tewis.com\/#\/schema\/logo\/image\/"},"sameAs":["https:\/\/www.facebook.com\/pages\/Tewis-Smart-Solutions-International\/299390543491462","https:\/\/x.com\/tewissmart","http:\/\/www.linkedin.com\/company\/tewis-smart-system-international","https:\/\/www.youtube.com\/channel\/UC6gxVg8jneuZBUSobS3qFiA"]},{"@type":"Person","@id":"https:\/\/tewis.com\/#\/schema\/person\/5fef2857c2d1b77cfb9133da7d517775","name":"Marketing TEWIS","image":{"@type":"ImageObject","inLanguage":"en-US","@id":"https:\/\/tewis.com\/#\/schema\/person\/image\/","url":"https:\/\/secure.gravatar.com\/avatar\/7b59482a92a47e4bb5776a486948c4bd?s=96&d=mm&r=g","contentUrl":"https:\/\/secure.gravatar.com\/avatar\/7b59482a92a47e4bb5776a486948c4bd?s=96&d=mm&r=g","caption":"Marketing TEWIS"}}]}},"_links":{"self":[{"href":"https:\/\/tewis.com\/en\/wp-json\/wp\/v2\/posts\/5143"}],"collection":[{"href":"https:\/\/tewis.com\/en\/wp-json\/wp\/v2\/posts"}],"about":[{"href":"https:\/\/tewis.com\/en\/wp-json\/wp\/v2\/types\/post"}],"author":[{"embeddable":true,"href":"https:\/\/tewis.com\/en\/wp-json\/wp\/v2\/users\/3"}],"replies":[{"embeddable":true,"href":"https:\/\/tewis.com\/en\/wp-json\/wp\/v2\/comments?post=5143"}],"version-history":[{"count":24,"href":"https:\/\/tewis.com\/en\/wp-json\/wp\/v2\/posts\/5143\/revisions"}],"predecessor-version":[{"id":5179,"href":"https:\/\/tewis.com\/en\/wp-json\/wp\/v2\/posts\/5143\/revisions\/5179"}],"wp:featuredmedia":[{"embeddable":true,"href":"https:\/\/tewis.com\/en\/wp-json\/wp\/v2\/media\/5145"}],"wp:attachment":[{"href":"https:\/\/tewis.com\/en\/wp-json\/wp\/v2\/media?parent=5143"}],"wp:term":[{"taxonomy":"category","embeddable":true,"href":"https:\/\/tewis.com\/en\/wp-json\/wp\/v2\/categories?post=5143"},{"taxonomy":"post_tag","embeddable":true,"href":"https:\/\/tewis.com\/en\/wp-json\/wp\/v2\/tags?post=5143"}],"curies":[{"name":"wp","href":"https:\/\/api.w.org\/{rel}","templated":true}]}}