{"id":5025,"date":"2024-07-03T16:05:13","date_gmt":"2024-07-03T14:05:13","guid":{"rendered":"https:\/\/tewis.com\/?p=5025"},"modified":"2024-07-04T13:37:29","modified_gmt":"2024-07-04T11:37:29","slug":"tarifas2024","status":"publish","type":"post","link":"https:\/\/tewis.com\/en\/tarifas2024\/","title":{"rendered":"Tewis presenta su nueva Tarifa de Refrigeraci\u00f3n Comercial 2024"},"content":{"rendered":"<p>[et_pb_section fb_built=&#8221;1&#8243; _builder_version=&#8221;4.23.4&#8243; _module_preset=&#8221;default&#8221; custom_margin=&#8221;-1px|-34px|-78px|3px|false|false&#8221; custom_margin_tablet=&#8221;|0px||0px|false|false&#8221; custom_margin_phone=&#8221;|0px|-78px|0px|false|false&#8221; custom_margin_last_edited=&#8221;on|phone&#8221; hover_enabled=&#8221;0&#8243; global_colors_info=&#8221;{}&#8221; sticky_enabled=&#8221;0&#8243; custom_padding=&#8221;0px||||false|false&#8221;][et_pb_row column_structure=&#8221;1_4,1_4,1_4,1_4&#8243; _builder_version=&#8221;4.23.4&#8243; _module_preset=&#8221;default&#8221; global_colors_info=&#8221;{}&#8221;][et_pb_column type=&#8221;1_4&#8243; _builder_version=&#8221;4.23.4&#8243; _module_preset=&#8221;default&#8221; global_colors_info=&#8221;{}&#8221;][et_pb_image src=&#8221;https:\/\/tewis.com\/wp-content\/uploads\/nv58.jpg&#8221; alt=&#8221;La nueva m\u00e1quina NV58+ de Tewis&#8221; title_text=&#8221;nv58&#8243; _builder_version=&#8221;4.23.4&#8243; _module_preset=&#8221;default&#8221; custom_margin=&#8221;|||-16px|false|false&#8221; custom_margin_tablet=&#8221;|||-16px|false|false&#8221; custom_margin_phone=&#8221;|0px||0px|false|false&#8221; custom_margin_last_edited=&#8221;on|phone&#8221; global_colors_info=&#8221;{}&#8221;][\/et_pb_image][\/et_pb_column][et_pb_column type=&#8221;1_4&#8243; _builder_version=&#8221;4.23.4&#8243; _module_preset=&#8221;default&#8221; global_colors_info=&#8221;{}&#8221;][et_pb_image src=&#8221;https:\/\/tewis.com\/wp-content\/uploads\/MINI-SD.jpg&#8221; alt=&#8221;la nueva Mini Smart Duplex de Tewis&#8221; title_text=&#8221;MINI-SD&#8221; _builder_version=&#8221;4.23.4&#8243; _module_preset=&#8221;default&#8221; custom_margin=&#8221;|||-17px|false|false&#8221; custom_margin_tablet=&#8221;|||-17px|false|false&#8221; custom_margin_phone=&#8221;|0px||0px|false|false&#8221; custom_margin_last_edited=&#8221;on|phone&#8221; global_colors_info=&#8221;{}&#8221;][\/et_pb_image][\/et_pb_column][et_pb_column type=&#8221;1_4&#8243; _builder_version=&#8221;4.23.4&#8243; _module_preset=&#8221;default&#8221; global_colors_info=&#8221;{}&#8221;][et_pb_image src=&#8221;https:\/\/tewis.com\/wp-content\/uploads\/ZEAS-CO2.jpg&#8221; alt=&#8221;la imagen del equipo Zeas CO2 de Tewis Daikin&#8221; title_text=&#8221;ZEAS-CO2&#8243; _builder_version=&#8221;4.23.4&#8243; _module_preset=&#8221;default&#8221; custom_margin=&#8221;|||-14px|false|false&#8221; custom_margin_tablet=&#8221;|||-14px|false|false&#8221; custom_margin_phone=&#8221;|0px||0px|false|false&#8221; custom_margin_last_edited=&#8221;on|phone&#8221; global_colors_info=&#8221;{}&#8221;][\/et_pb_image][\/et_pb_column][et_pb_column type=&#8221;1_4&#8243; _builder_version=&#8221;4.23.4&#8243; _module_preset=&#8221;default&#8221; global_colors_info=&#8221;{}&#8221;][et_pb_image src=&#8221;https:\/\/tewis.com\/wp-content\/uploads\/eco2smart.jpg&#8221; alt=&#8221;magen del sistema propio de Tewis del Eco2smart&#8221; title_text=&#8221;eco2smart&#8221; _builder_version=&#8221;4.23.4&#8243; _module_preset=&#8221;default&#8221; custom_margin=&#8221;|||-25px|false|false&#8221; custom_margin_tablet=&#8221;|||-25px|false|false&#8221; custom_margin_phone=&#8221;|0px||0px|false|false&#8221; custom_margin_last_edited=&#8221;on|phone&#8221; global_colors_info=&#8221;{}&#8221;][\/et_pb_image][\/et_pb_column][\/et_pb_row][\/et_pb_section][et_pb_section fb_built=&#8221;1&#8243; _builder_version=&#8221;4.23.4&#8243; _module_preset=&#8221;default&#8221; custom_margin=&#8221;0px|-21px||3px|false|false&#8221; custom_padding=&#8221;0px||||false|false&#8221; global_colors_info=&#8221;{}&#8221;][et_pb_row _builder_version=&#8221;4.23.4&#8243; _module_preset=&#8221;default&#8221; custom_margin=&#8221;-4px|||-10px|false|false&#8221; global_colors_info=&#8221;{}&#8221;][et_pb_column type=&#8221;4_4&#8243; _builder_version=&#8221;4.23.4&#8243; _module_preset=&#8221;default&#8221; global_colors_info=&#8221;{}&#8221;][et_pb_text _builder_version=&#8221;4.23.4&#8243; _module_preset=&#8221;default&#8221; global_colors_info=&#8221;{}&#8221;]<\/p>\n<blockquote>\n<p style=\"text-align: justify;\"><strong>TEWIS lanza su Nueva Tarifa de Refrigeraci\u00f3n Comercial: Innovaci\u00f3n y Eficiencia para tu Negocio<\/strong><\/p>\n<\/blockquote>\n<p style=\"text-align: justify;\">En TEWIS, <strong>l\u00edderes en soluciones de Refrigeraci\u00f3n Comercial e Industrial<\/strong>, estamos emocionados de anunciar el lanzamiento de nuestra nueva Tarifa de Refrigeraci\u00f3n Comercial, efectiva a partir del 15 de julio.<\/p>\n<p style=\"text-align: justify;\">Esta actualizaci\u00f3n marca un avance significativo en nuestra capacidad para satisfacer las crecientes demandas del mercado, ofreciendo soluciones estandarizadas y configurables que se adaptan a las diversas necesidades de potencia y espacio de cada instalaci\u00f3n.<\/p>\n<h2>Innovaci\u00f3n, Eficiencia y Sostenibilidad en TEWIS<\/h2>\n<p style=\"text-align: justify;\">Innovaci\u00f3n, eficiencia y\u00a0 sostenibilidad sigue siendo una prioridad en TEWIS. Este compromiso se refleja en las nuevas centrales y las mejoras incorporadas en muchos de nuestros equipos. Entre las <strong>novedades m\u00e1s destacadas<\/strong> se encuentran:<\/p>\n<p style=\"text-align: justify;\"><strong>NV58+<\/strong>: Un equipo compacto dise\u00f1ado para superficies de hasta 800 m\u00b2 sin necesidad de una unidad de emergencia.<\/p>\n<p style=\"text-align: justify;\"><strong>Mini Smart Duplex<\/strong>: Una soluci\u00f3n que combina eficiencia, potencia y dimensiones reducidas, desarrollada en respuesta a las solicitudes de nuestros clientes.<br \/>Tambi\u00e9n hemos introducido mejoras en otros equipos para garantizar un rendimiento \u00f3ptimo y adaptabilidad a diversas necesidades.<\/p>\n<h2>Sistema ECO2SMART: m\u00e1xima eficiencia en CO2<\/h2>\n<p style=\"text-align: justify;\">Adem\u00e1s, profundizamos en nuestro <strong>sistema ECO2SMART<\/strong>, el cual est\u00e1 obteniendo resultados y ahorros de hasta un 35% en consumos energ\u00e9ticos utilizando solo CO2 como refrigerante, sin necesidad de invertir en otros componentes o malgastar agua. Este sistema destaca por su eficiencia energ\u00e9tica y su bajo impacto ambiental, convirti\u00e9ndose en una opci\u00f3n ideal para quienes buscan reducir su huella de carbono.<\/p>\n<h2 style=\"text-align: justify;\">Soluciones Integrales para Diversos Sectores<\/h2>\n<p style=\"text-align: justify;\">En TEWIS, como parte del <strong>Grupo Daikin<\/strong>, ofrecemos soluciones de refrigeraci\u00f3n con un amplio rango de temperaturas para sectores como retail, agroalimentario y centros log\u00edsticos. Nos destacamos por mantener el \u00edndice Tewi m\u00e1s bajo posible, reduciendo as\u00ed los costos de inversi\u00f3n, consumo y mantenimiento. Este enfoque nos ha convertido en uno de los fabricantes preferidos del sector.<\/p>\n<p style=\"text-align: justify;\">Adem\u00e1s, ofrecemos un breve resumen sobre la <strong>FGAS,<\/strong> regulaciones que impactan directamente en la industria de la refrigeraci\u00f3n, promoviendo el uso de refrigerantes m\u00e1s sostenibles y eficientes.<\/p>\n<p style=\"text-align: justify;\">Explora c\u00f3mo nuestras soluciones pueden transformar tu negocio con innovaci\u00f3n, eficiencia y sostenibilidad. Visita nuestro sitio web para m\u00e1s informaci\u00f3n y descubre c\u00f3mo TEWIS puede ayudarte a alcanzar tus objetivos de refrigeraci\u00f3n comercial<\/p>\n<p>[\/et_pb_text][\/et_pb_column][\/et_pb_row][\/et_pb_section][et_pb_section fb_built=&#8221;1&#8243; _builder_version=&#8221;4.23.4&#8243; _module_preset=&#8221;default&#8221; height_tablet=&#8221;&#8221; height_phone=&#8221;100%&#8221; height_last_edited=&#8221;on|phone&#8221; custom_margin=&#8221;-20px|5px||-37px|false|false&#8221; custom_margin_tablet=&#8221;-20px|5px||-37px|false|false&#8221; custom_margin_phone=&#8221;-20px|0px||0px|false|false&#8221; custom_margin_last_edited=&#8221;on|phone&#8221; custom_padding=&#8221;0px||||false|false&#8221; module_alignment_tablet=&#8221;&#8221; module_alignment_phone=&#8221;&#8221; module_alignment_last_edited=&#8221;on|phone&#8221; global_colors_info=&#8221;{}&#8221;][et_pb_row _builder_version=&#8221;4.23.4&#8243; _module_preset=&#8221;default&#8221; custom_margin=&#8221;-12px|-3px|-43px|27px|false|false&#8221; custom_margin_tablet=&#8221;-12px|-3px|-43px|27px|false|false&#8221; custom_margin_phone=&#8221;-12px|0px|-43px|0px|false|false&#8221; custom_margin_last_edited=&#8221;on|phone&#8221; custom_padding=&#8221;0px||0px||false|false&#8221; link_option_url=&#8221; https:\/\/tewis.com\/wp-content\/uploads\/TarifaRefrigeracion2024_Tewis_ESP.pdf&#8221; global_colors_info=&#8221;{}&#8221;][et_pb_column type=&#8221;4_4&#8243; _builder_version=&#8221;4.23.4&#8243; _module_preset=&#8221;default&#8221; global_colors_info=&#8221;{}&#8221;][et_pb_cta title=&#8221;Pincha, Descarga y Descubre Todas las Novedades&#8221; _builder_version=&#8221;4.23.4&#8243; _module_preset=&#8221;default&#8221; global_colors_info=&#8221;{}&#8221;][\/et_pb_cta][\/et_pb_column][\/et_pb_row][\/et_pb_section][et_pb_section fb_built=&#8221;1&#8243; _builder_version=&#8221;4.23.4&#8243; _module_preset=&#8221;default&#8221; custom_margin=&#8221;|-40px||-33px|false|false&#8221; global_colors_info=&#8221;{}&#8221;][et_pb_row _builder_version=&#8221;4.23.4&#8243; _module_preset=&#8221;default&#8221; global_colors_info=&#8221;{}&#8221;][et_pb_column type=&#8221;4_4&#8243; _builder_version=&#8221;4.23.4&#8243; _module_preset=&#8221;default&#8221; global_colors_info=&#8221;{}&#8221;][et_pb_image src=&#8221;https:\/\/tewis.com\/wp-content\/uploads\/nuevas-tarifas-2024.-Tewis.jpg&#8221; alt=&#8221;Imagen de la nueva Tarifa de Refrigeraci\u00f3n comercial e industrial de Tewis 2024. Una imagen con las m\u00e1quinas m\u00e1s novedosas de este a\u00f1o: Mini Smart Duplex o la NV58+&#8221; title_text=&#8221;nuevas tarifas 2024. Tewis&#8221; _builder_version=&#8221;4.23.4&#8243; _module_preset=&#8221;default&#8221; global_colors_info=&#8221;{}&#8221;][\/et_pb_image][\/et_pb_column][\/et_pb_row][\/et_pb_section]<\/p>\n","protected":false},"excerpt":{"rendered":"<p>Tewis, referente en soluciones de Refrigeraci\u00f3n Comercial e Industrial, lanza su nueva Tarifa 2024. Encontrar\u00e1s todas las soluciones, estandarizadas y configurables que se adaptan a la potencia y espacio de cada instalaci\u00f3n.<\/p>\n","protected":false},"author":3,"featured_media":5055,"comment_status":"open","ping_status":"closed","sticky":false,"template":"","format":"standard","meta":{"_et_pb_use_builder":"on","_et_pb_old_content":"","_et_gb_content_width":"","_exactmetrics_skip_tracking":false,"_exactmetrics_sitenote_active":false,"_exactmetrics_sitenote_note":"","_exactmetrics_sitenote_category":0,"footnotes":""},"categories":[2],"tags":[98,95,6,97,83,90,91,96,94,93],"yoast_head":"<!-- This site is optimized with the Yoast SEO plugin v22.8 - https:\/\/yoast.com\/wordpress\/plugins\/seo\/ -->\n<title>Tewis presenta su nueva Tarifa de Refrigeraci\u00f3n Comercial 2024 | Tewis<\/title>\n<meta name=\"description\" content=\"TEWIS lanza su Nueva Tarifa de Refrigeraci\u00f3n Comercial 2024. Con todas las soluciones adaptadas a las necesidades de potencia o espacio\" \/>\n<meta name=\"robots\" content=\"index, follow, max-snippet:-1, max-image-preview:large, max-video-preview:-1\" \/>\n<link rel=\"canonical\" href=\"https:\/\/tewis.com\/tarifas2024\/\" \/>\n<meta property=\"og:locale\" content=\"en_US\" \/>\n<meta property=\"og:type\" content=\"article\" \/>\n<meta property=\"og:title\" content=\"Tewis presenta su nueva Tarifa de Refrigeraci\u00f3n Comercial 2024 | Tewis\" \/>\n<meta property=\"og:description\" content=\"TEWIS lanza su Nueva Tarifa de Refrigeraci\u00f3n Comercial 2024. Con todas las soluciones adaptadas a las necesidades de potencia o espacio\" \/>\n<meta property=\"og:url\" content=\"https:\/\/tewis.com\/tarifas2024\/\" \/>\n<meta property=\"og:site_name\" content=\"Tewis\" \/>\n<meta property=\"article:publisher\" content=\"https:\/\/www.facebook.com\/pages\/Tewis-Smart-Solutions-International\/299390543491462\" \/>\n<meta property=\"article:published_time\" content=\"2024-07-03T14:05:13+00:00\" \/>\n<meta property=\"article:modified_time\" content=\"2024-07-04T11:37:29+00:00\" \/>\n<meta property=\"og:image\" content=\"https:\/\/tewis.com\/wp-content\/uploads\/nuevas-tarifas-2024.-Tewis.jpg\" \/>\n\t<meta property=\"og:image:width\" content=\"1920\" \/>\n\t<meta property=\"og:image:height\" content=\"1080\" \/>\n\t<meta property=\"og:image:type\" content=\"image\/jpeg\" \/>\n<meta name=\"author\" content=\"Marketing TEWIS\" \/>\n<meta name=\"twitter:card\" content=\"summary_large_image\" \/>\n<meta name=\"twitter:creator\" content=\"@tewissmart\" \/>\n<meta name=\"twitter:site\" content=\"@tewissmart\" \/>\n<meta name=\"twitter:label1\" content=\"Written by\" \/>\n\t<meta name=\"twitter:data1\" content=\"Marketing TEWIS\" \/>\n\t<meta name=\"twitter:label2\" content=\"Est. reading time\" \/>\n\t<meta name=\"twitter:data2\" content=\"3 minutes\" \/>\n<script type=\"application\/ld+json\" class=\"yoast-schema-graph\">{\"@context\":\"https:\/\/schema.org\",\"@graph\":[{\"@type\":\"Article\",\"@id\":\"https:\/\/tewis.com\/tarifas2024\/#article\",\"isPartOf\":{\"@id\":\"https:\/\/tewis.com\/tarifas2024\/\"},\"author\":{\"name\":\"Marketing TEWIS\",\"@id\":\"https:\/\/tewis.com\/#\/schema\/person\/5fef2857c2d1b77cfb9133da7d517775\"},\"headline\":\"Tewis presenta su nueva Tarifa de Refrigeraci\u00f3n Comercial 2024\",\"datePublished\":\"2024-07-03T14:05:13+00:00\",\"dateModified\":\"2024-07-04T11:37:29+00:00\",\"mainEntityOfPage\":{\"@id\":\"https:\/\/tewis.com\/tarifas2024\/\"},\"wordCount\":1158,\"commentCount\":0,\"publisher\":{\"@id\":\"https:\/\/tewis.com\/#organization\"},\"image\":{\"@id\":\"https:\/\/tewis.com\/tarifas2024\/#primaryimage\"},\"thumbnailUrl\":\"https:\/\/tewis.com\/wp-content\/uploads\/nuevas-tarifas-2024.-Tewis.jpg\",\"keywords\":[\"amoniaco\",\"climatizacion\",\"CO2\",\"NH3\",\"refrigeracion\",\"refrigeracion comercial\",\"refrigeracion industrial\",\"refrigerantesnaturales\",\"tarifa\",\"tarifas\"],\"articleSection\":[\"Tewis\"],\"inLanguage\":\"en-US\",\"potentialAction\":[{\"@type\":\"CommentAction\",\"name\":\"Comment\",\"target\":[\"https:\/\/tewis.com\/tarifas2024\/#respond\"]}]},{\"@type\":\"WebPage\",\"@id\":\"https:\/\/tewis.com\/tarifas2024\/\",\"url\":\"https:\/\/tewis.com\/tarifas2024\/\",\"name\":\"Tewis presenta su nueva Tarifa de Refrigeraci\u00f3n Comercial 2024 | Tewis\",\"isPartOf\":{\"@id\":\"https:\/\/tewis.com\/#website\"},\"primaryImageOfPage\":{\"@id\":\"https:\/\/tewis.com\/tarifas2024\/#primaryimage\"},\"image\":{\"@id\":\"https:\/\/tewis.com\/tarifas2024\/#primaryimage\"},\"thumbnailUrl\":\"https:\/\/tewis.com\/wp-content\/uploads\/nuevas-tarifas-2024.-Tewis.jpg\",\"datePublished\":\"2024-07-03T14:05:13+00:00\",\"dateModified\":\"2024-07-04T11:37:29+00:00\",\"description\":\"TEWIS lanza su Nueva Tarifa de Refrigeraci\u00f3n Comercial 2024. Con todas las soluciones adaptadas a las necesidades de potencia o espacio\",\"breadcrumb\":{\"@id\":\"https:\/\/tewis.com\/tarifas2024\/#breadcrumb\"},\"inLanguage\":\"en-US\",\"potentialAction\":[{\"@type\":\"ReadAction\",\"target\":[\"https:\/\/tewis.com\/tarifas2024\/\"]}]},{\"@type\":\"ImageObject\",\"inLanguage\":\"en-US\",\"@id\":\"https:\/\/tewis.com\/tarifas2024\/#primaryimage\",\"url\":\"https:\/\/tewis.com\/wp-content\/uploads\/nuevas-tarifas-2024.-Tewis.jpg\",\"contentUrl\":\"https:\/\/tewis.com\/wp-content\/uploads\/nuevas-tarifas-2024.-Tewis.jpg\",\"width\":1920,\"height\":1080,\"caption\":\"Imagen de la nueva Tarifa de Refrigeraci\u00f3n comercial e industrial de Tewis 2024. Una imagen con las m\u00e1quinas m\u00e1s novedosas de este a\u00f1o: Mini Smart Duplex o la NV58+\"},{\"@type\":\"BreadcrumbList\",\"@id\":\"https:\/\/tewis.com\/tarifas2024\/#breadcrumb\",\"itemListElement\":[{\"@type\":\"ListItem\",\"position\":1,\"name\":\"Portada\",\"item\":\"https:\/\/tewis.com\/en\/\"},{\"@type\":\"ListItem\",\"position\":2,\"name\":\"Tewis presenta su nueva Tarifa de Refrigeraci\u00f3n Comercial 2024\"}]},{\"@type\":\"WebSite\",\"@id\":\"https:\/\/tewis.com\/#website\",\"url\":\"https:\/\/tewis.com\/\",\"name\":\"Tewis\",\"description\":\"Ingenier\u00eda para la eficiencia\",\"publisher\":{\"@id\":\"https:\/\/tewis.com\/#organization\"},\"potentialAction\":[{\"@type\":\"SearchAction\",\"target\":{\"@type\":\"EntryPoint\",\"urlTemplate\":\"https:\/\/tewis.com\/?s={search_term_string}\"},\"query-input\":\"required name=search_term_string\"}],\"inLanguage\":\"en-US\"},{\"@type\":\"Organization\",\"@id\":\"https:\/\/tewis.com\/#organization\",\"name\":\"Tewis\",\"url\":\"https:\/\/tewis.com\/\",\"logo\":{\"@type\":\"ImageObject\",\"inLanguage\":\"en-US\",\"@id\":\"https:\/\/tewis.com\/#\/schema\/logo\/image\/\",\"url\":\"https:\/\/tewis.com\/wp-content\/uploads\/Tewis-Daikin_logoS.png\",\"contentUrl\":\"https:\/\/tewis.com\/wp-content\/uploads\/Tewis-Daikin_logoS.png\",\"width\":981,\"height\":482,\"caption\":\"Tewis\"},\"image\":{\"@id\":\"https:\/\/tewis.com\/#\/schema\/logo\/image\/\"},\"sameAs\":[\"https:\/\/www.facebook.com\/pages\/Tewis-Smart-Solutions-International\/299390543491462\",\"https:\/\/x.com\/tewissmart\",\"http:\/\/www.linkedin.com\/company\/tewis-smart-system-international\",\"https:\/\/www.youtube.com\/channel\/UC6gxVg8jneuZBUSobS3qFiA\"]},{\"@type\":\"Person\",\"@id\":\"https:\/\/tewis.com\/#\/schema\/person\/5fef2857c2d1b77cfb9133da7d517775\",\"name\":\"Marketing TEWIS\",\"image\":{\"@type\":\"ImageObject\",\"inLanguage\":\"en-US\",\"@id\":\"https:\/\/tewis.com\/#\/schema\/person\/image\/\",\"url\":\"https:\/\/secure.gravatar.com\/avatar\/7b59482a92a47e4bb5776a486948c4bd?s=96&d=mm&r=g\",\"contentUrl\":\"https:\/\/secure.gravatar.com\/avatar\/7b59482a92a47e4bb5776a486948c4bd?s=96&d=mm&r=g\",\"caption\":\"Marketing TEWIS\"}}]}<\/script>\n<!-- \/ Yoast SEO plugin. -->","yoast_head_json":{"title":"Tewis presenta su nueva Tarifa de Refrigeraci\u00f3n Comercial 2024 | Tewis","description":"TEWIS lanza su Nueva Tarifa de Refrigeraci\u00f3n Comercial 2024. Con todas las soluciones adaptadas a las necesidades de potencia o espacio","robots":{"index":"index","follow":"follow","max-snippet":"max-snippet:-1","max-image-preview":"max-image-preview:large","max-video-preview":"max-video-preview:-1"},"canonical":"https:\/\/tewis.com\/tarifas2024\/","og_locale":"en_US","og_type":"article","og_title":"Tewis presenta su nueva Tarifa de Refrigeraci\u00f3n Comercial 2024 | Tewis","og_description":"TEWIS lanza su Nueva Tarifa de Refrigeraci\u00f3n Comercial 2024. Con todas las soluciones adaptadas a las necesidades de potencia o espacio","og_url":"https:\/\/tewis.com\/tarifas2024\/","og_site_name":"Tewis","article_publisher":"https:\/\/www.facebook.com\/pages\/Tewis-Smart-Solutions-International\/299390543491462","article_published_time":"2024-07-03T14:05:13+00:00","article_modified_time":"2024-07-04T11:37:29+00:00","og_image":[{"width":1920,"height":1080,"url":"https:\/\/tewis.com\/wp-content\/uploads\/nuevas-tarifas-2024.-Tewis.jpg","type":"image\/jpeg"}],"author":"Marketing TEWIS","twitter_card":"summary_large_image","twitter_creator":"@tewissmart","twitter_site":"@tewissmart","twitter_misc":{"Written by":"Marketing TEWIS","Est. reading time":"3 minutes"},"schema":{"@context":"https:\/\/schema.org","@graph":[{"@type":"Article","@id":"https:\/\/tewis.com\/tarifas2024\/#article","isPartOf":{"@id":"https:\/\/tewis.com\/tarifas2024\/"},"author":{"name":"Marketing TEWIS","@id":"https:\/\/tewis.com\/#\/schema\/person\/5fef2857c2d1b77cfb9133da7d517775"},"headline":"Tewis presenta su nueva Tarifa de Refrigeraci\u00f3n Comercial 2024","datePublished":"2024-07-03T14:05:13+00:00","dateModified":"2024-07-04T11:37:29+00:00","mainEntityOfPage":{"@id":"https:\/\/tewis.com\/tarifas2024\/"},"wordCount":1158,"commentCount":0,"publisher":{"@id":"https:\/\/tewis.com\/#organization"},"image":{"@id":"https:\/\/tewis.com\/tarifas2024\/#primaryimage"},"thumbnailUrl":"https:\/\/tewis.com\/wp-content\/uploads\/nuevas-tarifas-2024.-Tewis.jpg","keywords":["amoniaco","climatizacion","CO2","NH3","refrigeracion","refrigeracion comercial","refrigeracion industrial","refrigerantesnaturales","tarifa","tarifas"],"articleSection":["Tewis"],"inLanguage":"en-US","potentialAction":[{"@type":"CommentAction","name":"Comment","target":["https:\/\/tewis.com\/tarifas2024\/#respond"]}]},{"@type":"WebPage","@id":"https:\/\/tewis.com\/tarifas2024\/","url":"https:\/\/tewis.com\/tarifas2024\/","name":"Tewis presenta su nueva Tarifa de Refrigeraci\u00f3n Comercial 2024 | Tewis","isPartOf":{"@id":"https:\/\/tewis.com\/#website"},"primaryImageOfPage":{"@id":"https:\/\/tewis.com\/tarifas2024\/#primaryimage"},"image":{"@id":"https:\/\/tewis.com\/tarifas2024\/#primaryimage"},"thumbnailUrl":"https:\/\/tewis.com\/wp-content\/uploads\/nuevas-tarifas-2024.-Tewis.jpg","datePublished":"2024-07-03T14:05:13+00:00","dateModified":"2024-07-04T11:37:29+00:00","description":"TEWIS lanza su Nueva Tarifa de Refrigeraci\u00f3n Comercial 2024. Con todas las soluciones adaptadas a las necesidades de potencia o espacio","breadcrumb":{"@id":"https:\/\/tewis.com\/tarifas2024\/#breadcrumb"},"inLanguage":"en-US","potentialAction":[{"@type":"ReadAction","target":["https:\/\/tewis.com\/tarifas2024\/"]}]},{"@type":"ImageObject","inLanguage":"en-US","@id":"https:\/\/tewis.com\/tarifas2024\/#primaryimage","url":"https:\/\/tewis.com\/wp-content\/uploads\/nuevas-tarifas-2024.-Tewis.jpg","contentUrl":"https:\/\/tewis.com\/wp-content\/uploads\/nuevas-tarifas-2024.-Tewis.jpg","width":1920,"height":1080,"caption":"Imagen de la nueva Tarifa de Refrigeraci\u00f3n comercial e industrial de Tewis 2024. Una imagen con las m\u00e1quinas m\u00e1s novedosas de este a\u00f1o: Mini Smart Duplex o la NV58+"},{"@type":"BreadcrumbList","@id":"https:\/\/tewis.com\/tarifas2024\/#breadcrumb","itemListElement":[{"@type":"ListItem","position":1,"name":"Portada","item":"https:\/\/tewis.com\/en\/"},{"@type":"ListItem","position":2,"name":"Tewis presenta su nueva Tarifa de Refrigeraci\u00f3n Comercial 2024"}]},{"@type":"WebSite","@id":"https:\/\/tewis.com\/#website","url":"https:\/\/tewis.com\/","name":"Tewis","description":"Ingenier\u00eda para la eficiencia","publisher":{"@id":"https:\/\/tewis.com\/#organization"},"potentialAction":[{"@type":"SearchAction","target":{"@type":"EntryPoint","urlTemplate":"https:\/\/tewis.com\/?s={search_term_string}"},"query-input":"required name=search_term_string"}],"inLanguage":"en-US"},{"@type":"Organization","@id":"https:\/\/tewis.com\/#organization","name":"Tewis","url":"https:\/\/tewis.com\/","logo":{"@type":"ImageObject","inLanguage":"en-US","@id":"https:\/\/tewis.com\/#\/schema\/logo\/image\/","url":"https:\/\/tewis.com\/wp-content\/uploads\/Tewis-Daikin_logoS.png","contentUrl":"https:\/\/tewis.com\/wp-content\/uploads\/Tewis-Daikin_logoS.png","width":981,"height":482,"caption":"Tewis"},"image":{"@id":"https:\/\/tewis.com\/#\/schema\/logo\/image\/"},"sameAs":["https:\/\/www.facebook.com\/pages\/Tewis-Smart-Solutions-International\/299390543491462","https:\/\/x.com\/tewissmart","http:\/\/www.linkedin.com\/company\/tewis-smart-system-international","https:\/\/www.youtube.com\/channel\/UC6gxVg8jneuZBUSobS3qFiA"]},{"@type":"Person","@id":"https:\/\/tewis.com\/#\/schema\/person\/5fef2857c2d1b77cfb9133da7d517775","name":"Marketing TEWIS","image":{"@type":"ImageObject","inLanguage":"en-US","@id":"https:\/\/tewis.com\/#\/schema\/person\/image\/","url":"https:\/\/secure.gravatar.com\/avatar\/7b59482a92a47e4bb5776a486948c4bd?s=96&d=mm&r=g","contentUrl":"https:\/\/secure.gravatar.com\/avatar\/7b59482a92a47e4bb5776a486948c4bd?s=96&d=mm&r=g","caption":"Marketing TEWIS"}}]}},"_links":{"self":[{"href":"https:\/\/tewis.com\/en\/wp-json\/wp\/v2\/posts\/5025"}],"collection":[{"href":"https:\/\/tewis.com\/en\/wp-json\/wp\/v2\/posts"}],"about":[{"href":"https:\/\/tewis.com\/en\/wp-json\/wp\/v2\/types\/post"}],"author":[{"embeddable":true,"href":"https:\/\/tewis.com\/en\/wp-json\/wp\/v2\/users\/3"}],"replies":[{"embeddable":true,"href":"https:\/\/tewis.com\/en\/wp-json\/wp\/v2\/comments?post=5025"}],"version-history":[{"count":35,"href":"https:\/\/tewis.com\/en\/wp-json\/wp\/v2\/posts\/5025\/revisions"}],"predecessor-version":[{"id":5120,"href":"https:\/\/tewis.com\/en\/wp-json\/wp\/v2\/posts\/5025\/revisions\/5120"}],"wp:featuredmedia":[{"embeddable":true,"href":"https:\/\/tewis.com\/en\/wp-json\/wp\/v2\/media\/5055"}],"wp:attachment":[{"href":"https:\/\/tewis.com\/en\/wp-json\/wp\/v2\/media?parent=5025"}],"wp:term":[{"taxonomy":"category","embeddable":true,"href":"https:\/\/tewis.com\/en\/wp-json\/wp\/v2\/categories?post=5025"},{"taxonomy":"post_tag","embeddable":true,"href":"https:\/\/tewis.com\/en\/wp-json\/wp\/v2\/tags?post=5025"}],"curies":[{"name":"wp","href":"https:\/\/api.w.org\/{rel}","templated":true}]}}