{"id":4792,"date":"2024-04-04T16:10:02","date_gmt":"2024-04-04T14:10:02","guid":{"rendered":"https:\/\/tewis.com\/?p=4792"},"modified":"2024-04-04T17:52:47","modified_gmt":"2024-04-04T15:52:47","slug":"4792","status":"publish","type":"post","link":"https:\/\/tewis.com\/en\/4792\/","title":{"rendered":"Dries Laheye, nuevo director general de Tewis"},"content":{"rendered":"<p>[et_pb_section fb_built=&#8221;1&#8243; _builder_version=&#8221;4.23.4&#8243; _module_preset=&#8221;default&#8221; hover_enabled=&#8221;0&#8243; global_colors_info=&#8221;{}&#8221; sticky_enabled=&#8221;0&#8243; custom_margin=&#8221;0px||0px||false|false&#8221; custom_padding=&#8221;0px||0px||false|false&#8221;][et_pb_row _builder_version=&#8221;4.23.4&#8243; _module_preset=&#8221;default&#8221; hover_enabled=&#8221;0&#8243; global_colors_info=&#8221;{}&#8221; min_height=&#8221;216.7px&#8221; custom_margin=&#8221;0px||0px||false|false&#8221; custom_padding=&#8221;0px||0px||false|false&#8221; sticky_enabled=&#8221;0&#8243;][et_pb_column type=&#8221;4_4&#8243; _builder_version=&#8221;4.23.4&#8243; _module_preset=&#8221;default&#8221; global_colors_info=&#8221;{}&#8221;][et_pb_image src=&#8221;https:\/\/tewis.com\/wp-content\/uploads\/dries_laheye_managingdirector_tewis.jpg&#8221; alt=&#8221;Dries Laheye en una reuni\u00f3n. Primer plano del nuevo CEO de TEWIS, miembro del grupo Daikin&#8221; title_text=&#8221;Dries Laheye managing director Tewis&#8221; disabled_on=&#8221;off|off|off&#8221; _builder_version=&#8221;4.23.4&#8243; _module_preset=&#8221;default&#8221; transform_scale_tablet=&#8221;&#8221; transform_scale_phone=&#8221;&#8221; transform_scale_last_edited=&#8221;on|tablet&#8221; transform_translate_tablet=&#8221;&#8221; transform_translate_phone=&#8221;&#8221; transform_translate_last_edited=&#8221;on|desktop&#8221; transform_rotate_tablet=&#8221;&#8221; transform_rotate_phone=&#8221;&#8221; transform_rotate_last_edited=&#8221;on|desktop&#8221; transform_skew_tablet=&#8221;&#8221; transform_skew_phone=&#8221;&#8221; transform_skew_last_edited=&#8221;on|desktop&#8221; transform_origin_tablet=&#8221;&#8221; transform_origin_phone=&#8221;&#8221; transform_origin_last_edited=&#8221;on|desktop&#8221; transform_styles_last_edited=&#8221;on|tablet&#8221; transform_styles_tablet=&#8221;&#8221; transform_styles_phone=&#8221;&#8221; global_colors_info=&#8221;{}&#8221;][\/et_pb_image][\/et_pb_column][\/et_pb_row][\/et_pb_section][et_pb_section fb_built=&#8221;1&#8243; _builder_version=&#8221;4.23.4&#8243; _module_preset=&#8221;default&#8221; hover_enabled=&#8221;0&#8243; global_colors_info=&#8221;{}&#8221; custom_margin=&#8221;10px||0px||false|false&#8221; custom_padding=&#8221;0px||0px||false|false&#8221; sticky_enabled=&#8221;0&#8243;][et_pb_row _builder_version=&#8221;4.23.4&#8243; _module_preset=&#8221;default&#8221; hover_enabled=&#8221;0&#8243; global_colors_info=&#8221;{}&#8221; sticky_enabled=&#8221;0&#8243; min_height=&#8221;141.2px&#8221; custom_margin_last_edited=&#8221;on|phone&#8221; custom_margin_phone=&#8221;0px||0px||false|false&#8221; custom_padding=&#8221;0px||0px||false|false&#8221;][et_pb_column type=&#8221;4_4&#8243; _builder_version=&#8221;4.23.4&#8243; _module_preset=&#8221;default&#8221; global_colors_info=&#8221;{}&#8221;][et_pb_text _builder_version=&#8221;4.23.4&#8243; _module_preset=&#8221;default&#8221; custom_margin=&#8221;10px||-14px||false|false&#8221; custom_padding=&#8221;0px||||false|false&#8221; hover_enabled=&#8221;0&#8243; global_colors_info=&#8221;{}&#8221; sticky_enabled=&#8221;0&#8243; min_height=&#8221;136.5px&#8221;]<\/p>\n<blockquote>\n<p style=\"text-align: justify;\"><strong>Dries Laheye, nuevo director general de Tewis, ha aceptado el reto de Daikin de llevar a la empresa a lo m\u00e1s alto del sector de la refrigeraci\u00f3n a nivel nacional y europeo como parte del negocio de la cadena de fr\u00edo de Daikin.<\/strong><\/p>\n<p style=\"text-align: justify; padding-left: 40px;\"><b>\u00a0<\/b><\/p>\n<p style=\"text-align: justify; padding-left: 40px;\"><strong><\/strong><\/p>\n<\/blockquote>\n<p>[\/et_pb_text][\/et_pb_column][\/et_pb_row][\/et_pb_section][et_pb_section fb_built=&#8221;1&#8243; _builder_version=&#8221;4.23.4&#8243; _module_preset=&#8221;default&#8221; hover_enabled=&#8221;0&#8243; global_colors_info=&#8221;{}&#8221; min_height=&#8221;454.7px&#8221; custom_margin=&#8221;0px||0px||false|false&#8221; custom_padding=&#8221;0px||0px||false|false&#8221; sticky_enabled=&#8221;0&#8243;][et_pb_row _builder_version=&#8221;4.23.4&#8243; _module_preset=&#8221;default&#8221; global_colors_info=&#8221;{}&#8221; min_height=&#8221;394.7px&#8221;][et_pb_column type=&#8221;4_4&#8243; _builder_version=&#8221;4.23.4&#8243; _module_preset=&#8221;default&#8221; global_colors_info=&#8221;{}&#8221;][et_pb_text _builder_version=&#8221;4.23.4&#8243; _module_preset=&#8221;default&#8221; hover_enabled=&#8221;0&#8243; global_colors_info=&#8221;{}&#8221; sticky_enabled=&#8221;0&#8243;]<\/p>\n<p><strong>Pero, \u00bfQui\u00e9n es este hombre de confianza de Daikin?<\/strong><\/p>\n<p style=\"text-align: justify;\"><a href=\"dries%20laheye\"><strong>Dries Laheye<\/strong><\/a> es belga, tiene 44 a\u00f1os y ha desempe\u00f1ado varios cargos directivos en el grupo <strong>Daikin Europe<\/strong>. Es padre de dos hijos y tiene un m\u00e1ster en opci\u00f3n Ingenier\u00eda Econom\u00eda Aplicada por la Universidad de Lovaina (B\u00e9lgica).<\/p>\n<p style=\"text-align: justify;\">La lengua materna de Dries es el neerland\u00e9s y habla con fluidez: ingl\u00e9s, franc\u00e9s e italiano. Est\u00e1 decidido a dominar tambi\u00e9n r\u00e1pidamente el espa\u00f1ol. Pas\u00f3 los \u00faltimos tres a\u00f1os viviendo y trabajando en Italia, a cargo de <strong><a href=\"zanotti%20s.p.a.\">Zanotti Spa<\/a>,<\/strong> parte del grupo Daikin. Tambi\u00e9n dirigi\u00f3 un proyecto de un a\u00f1o en Daikin Portugal para revisar los procesos de atenci\u00f3n al cliente. <strong>Trabajar con personas<\/strong> de diferentes culturas y nacionalidades le ha permitido construir una extensa red global dentro del grupo Daikin y de la industria. Aporta una visi\u00f3n de gesti\u00f3n global que pondr\u00e1 al servicio del desarrollo de <strong><a href=\"tewis%20smart systems\">Tewis<\/a>.<\/strong><\/p>\n<p style=\"text-align: justify;\">Durante las dos \u00faltimas d\u00e9cadas en las que ha trabajado para la multinacional japonesa, Dries ha ocupado diferentes puestos de responsabilidad en los \u00e1mbitos de Servicio Postventa, Planificaci\u00f3n Estrat\u00e9gica y Fusiones y Adquisiciones. Actualmente es Senior Manager en Daikin Europa y <strong>Director General de Tewis<\/strong>.<\/p>\n<p>[\/et_pb_text][\/et_pb_column][\/et_pb_row][\/et_pb_section][et_pb_section fb_built=&#8221;1&#8243; _builder_version=&#8221;4.23.4&#8243; _module_preset=&#8221;default&#8221; hover_enabled=&#8221;0&#8243; global_colors_info=&#8221;{}&#8221; custom_margin=&#8221;0px||0px||false|false&#8221; custom_padding=&#8221;0px||0px||false|false&#8221; sticky_enabled=&#8221;0&#8243;][et_pb_row _builder_version=&#8221;4.23.4&#8243; _module_preset=&#8221;default&#8221; hover_enabled=&#8221;0&#8243; global_colors_info=&#8221;{}&#8221; min_height=&#8221;219.8px&#8221; custom_margin=&#8221;0px||0px||false|false&#8221; custom_padding=&#8221;0px||0px||false|false&#8221; sticky_enabled=&#8221;0&#8243;][et_pb_column type=&#8221;4_4&#8243; _builder_version=&#8221;4.23.4&#8243; _module_preset=&#8221;default&#8221; global_colors_info=&#8221;{}&#8221;][et_pb_image src=&#8221;https:\/\/tewis.com\/wp-content\/uploads\/dries_laheye_tewis.jpg&#8221; alt=&#8221;Dries Laheye nuevo director de Tewis, miembro del grupo Daikin&#8221; title_text=&#8221;Dries Laheye, nuevo CEO TEWIS&#8221; _builder_version=&#8221;4.23.4&#8243; _module_preset=&#8221;default&#8221; global_colors_info=&#8221;{}&#8221;][\/et_pb_image][\/et_pb_column][\/et_pb_row][\/et_pb_section][et_pb_section fb_built=&#8221;1&#8243; _builder_version=&#8221;4.23.4&#8243; _module_preset=&#8221;default&#8221; hover_enabled=&#8221;0&#8243; global_colors_info=&#8221;{}&#8221; custom_margin=&#8221;0px||||false|false&#8221; custom_padding=&#8221;0px||0px||false|false&#8221; sticky_enabled=&#8221;0&#8243;][et_pb_row _builder_version=&#8221;4.23.4&#8243; _module_preset=&#8221;default&#8221; hover_enabled=&#8221;0&#8243; global_colors_info=&#8221;{}&#8221; min_height=&#8221;378.4px&#8221; custom_padding=&#8221;||0px||false|false&#8221; sticky_enabled=&#8221;0&#8243; custom_margin=&#8221;||0px||false|false&#8221;][et_pb_column type=&#8221;4_4&#8243; _builder_version=&#8221;4.23.4&#8243; _module_preset=&#8221;default&#8221; global_colors_info=&#8221;{}&#8221;][et_pb_text _builder_version=&#8221;4.23.4&#8243; _module_preset=&#8221;default&#8221; hover_enabled=&#8221;0&#8243; global_colors_info=&#8221;{}&#8221; sticky_enabled=&#8221;0&#8243; min_height=&#8221;386.5px&#8221;]<\/p>\n<p><strong>\u00bfCu\u00e1l fue la raz\u00f3n principal para aceptar el puesto? <\/strong><\/p>\n<p style=\"text-align: justify;\">Conozco a la direcci\u00f3n y el trabajo realizado en esta empresa desde hace a\u00f1os. Creo firmemente en su potencial y en las soluciones a los grandes retos del mercado actual. Es una oportunidad y un reto atractivo trabajar en un nuevo pa\u00eds con nuevos compa\u00f1eros.<\/p>\n<p style=\"text-align: justify;\"><strong>\u00bfCu\u00e1les son sus principales objetivos? <\/strong><\/p>\n<p style=\"text-align: justify;\">Para Daikin el desarrollo de su negocio de cadena de fr\u00edo es una <strong>prioridad estrat\u00e9gica<\/strong>. Tewis es una de las empresas con <strong>mayor potencial<\/strong> para seguir evolucionando y haciendo crecer el negocio de <strong>la cadena de fr\u00edo <\/strong>dentro del grupo Daikin.<\/p>\n<p style=\"text-align: justify;\">El principal objetivo es potenciar <strong>los puntos fuertes de Tewis<\/strong>: innovaci\u00f3n tecnol\u00f3gica, investigaci\u00f3n, m\u00e1xima calidad, soluciones naturales, compromiso medioambiental&#8230; y todo ello con el objetivo de una mayor expansi\u00f3n en el mercado espa\u00f1ol y portugu\u00e9s, o en otros pa\u00edses dentro del foco y las prioridades de las l\u00edneas de desarrollo de refrigeraci\u00f3n de Daikin.<\/p>\n<p>[\/et_pb_text][\/et_pb_column][\/et_pb_row][\/et_pb_section][et_pb_section fb_built=&#8221;1&#8243; _builder_version=&#8221;4.23.4&#8243; _module_preset=&#8221;default&#8221; hover_enabled=&#8221;0&#8243; global_colors_info=&#8221;{}&#8221; custom_margin=&#8221;20px||0px||false|false&#8221; custom_padding=&#8221;0px||0px||false|false&#8221; sticky_enabled=&#8221;0&#8243; custom_padding_last_edited=&#8221;on|phone&#8221; custom_padding_phone=&#8221;0px||0px||false|false&#8221; custom_padding_tablet=&#8221;0px||0px||false|false&#8221;][et_pb_row _builder_version=&#8221;4.23.4&#8243; _module_preset=&#8221;default&#8221; hover_enabled=&#8221;0&#8243; global_colors_info=&#8221;{}&#8221; custom_margin=&#8221;0px||0px||false|false&#8221; custom_padding=&#8221;0px||0px||false|false&#8221; sticky_enabled=&#8221;0&#8243;][et_pb_column type=&#8221;4_4&#8243; _builder_version=&#8221;4.23.4&#8243; _module_preset=&#8221;default&#8221; global_colors_info=&#8221;{}&#8221;][et_pb_image src=&#8221;https:\/\/tewis.com\/wp-content\/uploads\/dries_laheye_equipo_directivo.jpg&#8221; alt=&#8221;Dries Laheye con el equipo directivo de Tewis&#8221; title_text=&#8221;dries_laheye_equipo_directivo&#8221; _builder_version=&#8221;4.23.4&#8243; _module_preset=&#8221;default&#8221; global_colors_info=&#8221;{}&#8221;][\/et_pb_image][\/et_pb_column][\/et_pb_row][\/et_pb_section][et_pb_section fb_built=&#8221;1&#8243; _builder_version=&#8221;4.23.4&#8243; _module_preset=&#8221;default&#8221; global_colors_info=&#8221;{}&#8221; custom_padding=&#8221;||3px|||&#8221;][et_pb_row _builder_version=&#8221;4.23.4&#8243; _module_preset=&#8221;default&#8221; hover_enabled=&#8221;0&#8243; global_colors_info=&#8221;{}&#8221; custom_padding=&#8221;0px||0px||false|false&#8221; sticky_enabled=&#8221;0&#8243;][et_pb_column type=&#8221;4_4&#8243; _builder_version=&#8221;4.23.4&#8243; _module_preset=&#8221;default&#8221; global_colors_info=&#8221;{}&#8221;][et_pb_text _builder_version=&#8221;4.23.4&#8243; _module_preset=&#8221;default&#8221; hover_enabled=&#8221;0&#8243; global_colors_info=&#8221;{}&#8221; sticky_enabled=&#8221;0&#8243;]<\/p>\n<p style=\"text-align: justify;\"><strong>\u00bfQu\u00e9 modelo de gesti\u00f3n desarrollar\u00e1 en Tewis? <\/strong><\/p>\n<p style=\"text-align: justify;\">Dentro del grupo <strong><a href=\"daikin%20europe\">Daikin<\/a><\/strong> existe la firme creencia de que las personas son el principal activo de una empresa y que el crecimiento es la suma del desarrollo de cada empleado. Tewis cuenta con muchas personas de talento, experimentadas y muy motivadas. Bajo mi liderazgo, me centrar\u00e9 en el crecimiento de cada colega como piedra angular del crecimiento de Tewis. Es importante que todos sigamos desafi\u00e1ndonos a nosotros mismos para alcanzar el siguiente nivel. Todos juntos.<\/p>\n<p style=\"text-align: justify;\"><strong>\u00a0<\/strong><\/p>\n<p style=\"text-align: justify;\"><strong>Desde abril, la fusi\u00f3n de Tewis con Zanotti Smart es una realidad. \u00bfQu\u00e9 ventajas aportar\u00e1?\u00a0\u00a0\u00a0\u00a0\u00a0\u00a0\u00a0\u00a0\u00a0 <\/strong><\/p>\n<p style=\"text-align: justify;\">Para ser competitivos, es importante colaborar estrechamente en toda la cadena de valor. Gracias a la fusi\u00f3n habr\u00e1 una colaboraci\u00f3n m\u00e1s estrecha entre la f\u00e1brica y las dem\u00e1s funciones, como desarrollo de productos, ventas, posventa, etc. Debemos perseguir la combinaci\u00f3n de la innovaci\u00f3n tecnol\u00f3gica con la m\u00e1xima eficacia de gesti\u00f3n. Esta es la f\u00f3rmula del \u00e9xito. Una sola entidad para ser m\u00e1s fuertes con una direcci\u00f3n estrat\u00e9gica clara. Mi papel es hacer que esto ocurra, <strong>ser un solo equipo, detr\u00e1s de una marca, de un producto<\/strong>. Ese es mi papel.<\/p>\n<p>[\/et_pb_text][\/et_pb_column][\/et_pb_row][\/et_pb_section][et_pb_section fb_built=&#8221;1&#8243; _builder_version=&#8221;4.23.4&#8243; _module_preset=&#8221;default&#8221; global_colors_info=&#8221;{}&#8221;][et_pb_row _builder_version=&#8221;4.23.4&#8243; _module_preset=&#8221;default&#8221; hover_enabled=&#8221;0&#8243; global_colors_info=&#8221;{}&#8221; custom_padding=&#8221;0px||0px||false|false&#8221; sticky_enabled=&#8221;0&#8243;][et_pb_column type=&#8221;4_4&#8243; _builder_version=&#8221;4.23.4&#8243; _module_preset=&#8221;default&#8221; global_colors_info=&#8221;{}&#8221;][et_pb_image src=&#8221;https:\/\/tewis.com\/wp-content\/uploads\/Dries_Laheye_equipojoven.jpg&#8221; alt=&#8221;Dries Laheye conversando con miembros del equipo Tewis&#8221; title_text=&#8221;Dries_Laheye_equipojoven&#8221; _builder_version=&#8221;4.23.4&#8243; _module_preset=&#8221;default&#8221; global_colors_info=&#8221;{}&#8221;][\/et_pb_image][\/et_pb_column][\/et_pb_row][\/et_pb_section]<\/p>\n","protected":false},"excerpt":{"rendered":"<p>Dries Laheye nuevo director general de Tewis, miembro del grupo Daikin <\/p>\n","protected":false},"author":3,"featured_media":4798,"comment_status":"open","ping_status":"closed","sticky":false,"template":"","format":"standard","meta":{"_et_pb_use_builder":"on","_et_pb_old_content":"","_et_gb_content_width":"","_exactmetrics_skip_tracking":false,"_exactmetrics_sitenote_active":false,"_exactmetrics_sitenote_note":"","_exactmetrics_sitenote_category":0,"footnotes":""},"categories":[2],"tags":[84,92,85,80,89,83,90,91,88,5],"yoast_head":"<!-- This site is optimized with the Yoast SEO plugin v22.8 - https:\/\/yoast.com\/wordpress\/plugins\/seo\/ -->\n<title>Dries Laheye, nuevo director general de Tewis | Tewis<\/title>\n<meta name=\"description\" content=\"Dries Laheye, nuevo director general de Tewis, ha aceptado el reto de Daikin para llevar a la empresa a lo m\u00e1s alto del sector del fr\u00edo\" \/>\n<meta name=\"robots\" content=\"index, follow, max-snippet:-1, max-image-preview:large, max-video-preview:-1\" \/>\n<link rel=\"canonical\" href=\"https:\/\/tewis.com\/4792\/\" \/>\n<meta property=\"og:locale\" content=\"en_US\" \/>\n<meta property=\"og:type\" content=\"article\" \/>\n<meta property=\"og:title\" content=\"Dries Laheye, nuevo director general de Tewis | Tewis\" \/>\n<meta property=\"og:description\" content=\"Dries Laheye, nuevo director general de Tewis, ha aceptado el reto de Daikin para llevar a la empresa a lo m\u00e1s alto del sector del fr\u00edo\" \/>\n<meta property=\"og:url\" content=\"https:\/\/tewis.com\/4792\/\" \/>\n<meta property=\"og:site_name\" content=\"Tewis\" \/>\n<meta property=\"article:publisher\" content=\"https:\/\/www.facebook.com\/pages\/Tewis-Smart-Solutions-International\/299390543491462\" \/>\n<meta property=\"article:published_time\" content=\"2024-04-04T14:10:02+00:00\" \/>\n<meta property=\"article:modified_time\" content=\"2024-04-04T15:52:47+00:00\" \/>\n<meta property=\"og:image\" content=\"https:\/\/tewis.com\/wp-content\/uploads\/dries_laheye_managingdirector_tewis.jpg\" \/>\n\t<meta property=\"og:image:width\" content=\"1299\" \/>\n\t<meta property=\"og:image:height\" content=\"867\" \/>\n\t<meta property=\"og:image:type\" content=\"image\/jpeg\" \/>\n<meta name=\"author\" content=\"Marketing TEWIS\" \/>\n<meta name=\"twitter:card\" content=\"summary_large_image\" \/>\n<meta name=\"twitter:creator\" content=\"@tewissmart\" \/>\n<meta name=\"twitter:site\" content=\"@tewissmart\" \/>\n<meta name=\"twitter:label1\" content=\"Written by\" \/>\n\t<meta name=\"twitter:data1\" content=\"Marketing TEWIS\" \/>\n\t<meta name=\"twitter:label2\" content=\"Est. reading time\" \/>\n\t<meta name=\"twitter:data2\" content=\"4 minutes\" \/>\n<script type=\"application\/ld+json\" class=\"yoast-schema-graph\">{\"@context\":\"https:\/\/schema.org\",\"@graph\":[{\"@type\":\"Article\",\"@id\":\"https:\/\/tewis.com\/4792\/#article\",\"isPartOf\":{\"@id\":\"https:\/\/tewis.com\/4792\/\"},\"author\":{\"name\":\"Marketing TEWIS\",\"@id\":\"https:\/\/tewis.com\/#\/schema\/person\/5fef2857c2d1b77cfb9133da7d517775\"},\"headline\":\"Dries Laheye, nuevo director general de Tewis\",\"datePublished\":\"2024-04-04T14:10:02+00:00\",\"dateModified\":\"2024-04-04T15:52:47+00:00\",\"mainEntityOfPage\":{\"@id\":\"https:\/\/tewis.com\/4792\/\"},\"wordCount\":1584,\"commentCount\":0,\"publisher\":{\"@id\":\"https:\/\/tewis.com\/#organization\"},\"image\":{\"@id\":\"https:\/\/tewis.com\/4792\/#primaryimage\"},\"thumbnailUrl\":\"https:\/\/tewis.com\/wp-content\/uploads\/dries_laheye_managingdirector_tewis.jpg\",\"keywords\":[\"daikin\",\"Daikin Europe\",\"daikineurope\",\"dries\",\"nuevo director\",\"refrigeracion\",\"refrigeracion comercial\",\"refrigeracion industrial\",\"refrigeracioncomercial\",\"Tewis\"],\"articleSection\":[\"Tewis\"],\"inLanguage\":\"en-US\",\"potentialAction\":[{\"@type\":\"CommentAction\",\"name\":\"Comment\",\"target\":[\"https:\/\/tewis.com\/4792\/#respond\"]}]},{\"@type\":\"WebPage\",\"@id\":\"https:\/\/tewis.com\/4792\/\",\"url\":\"https:\/\/tewis.com\/4792\/\",\"name\":\"Dries Laheye, nuevo director general de Tewis | Tewis\",\"isPartOf\":{\"@id\":\"https:\/\/tewis.com\/#website\"},\"primaryImageOfPage\":{\"@id\":\"https:\/\/tewis.com\/4792\/#primaryimage\"},\"image\":{\"@id\":\"https:\/\/tewis.com\/4792\/#primaryimage\"},\"thumbnailUrl\":\"https:\/\/tewis.com\/wp-content\/uploads\/dries_laheye_managingdirector_tewis.jpg\",\"datePublished\":\"2024-04-04T14:10:02+00:00\",\"dateModified\":\"2024-04-04T15:52:47+00:00\",\"description\":\"Dries Laheye, nuevo director general de Tewis, ha aceptado el reto de Daikin para llevar a la empresa a lo m\u00e1s alto del sector del fr\u00edo\",\"breadcrumb\":{\"@id\":\"https:\/\/tewis.com\/4792\/#breadcrumb\"},\"inLanguage\":\"en-US\",\"potentialAction\":[{\"@type\":\"ReadAction\",\"target\":[\"https:\/\/tewis.com\/4792\/\"]}]},{\"@type\":\"ImageObject\",\"inLanguage\":\"en-US\",\"@id\":\"https:\/\/tewis.com\/4792\/#primaryimage\",\"url\":\"https:\/\/tewis.com\/wp-content\/uploads\/dries_laheye_managingdirector_tewis.jpg\",\"contentUrl\":\"https:\/\/tewis.com\/wp-content\/uploads\/dries_laheye_managingdirector_tewis.jpg\",\"width\":1299,\"height\":867,\"caption\":\"Dries Laheye en una reuni\u00f3n. Primer plano del nuevo CEO de TEWIS, miembro del grupo Daikin\"},{\"@type\":\"BreadcrumbList\",\"@id\":\"https:\/\/tewis.com\/4792\/#breadcrumb\",\"itemListElement\":[{\"@type\":\"ListItem\",\"position\":1,\"name\":\"Portada\",\"item\":\"https:\/\/tewis.com\/en\/\"},{\"@type\":\"ListItem\",\"position\":2,\"name\":\"Dries Laheye, nuevo director general de Tewis\"}]},{\"@type\":\"WebSite\",\"@id\":\"https:\/\/tewis.com\/#website\",\"url\":\"https:\/\/tewis.com\/\",\"name\":\"Tewis\",\"description\":\"Ingenier\u00eda para la eficiencia\",\"publisher\":{\"@id\":\"https:\/\/tewis.com\/#organization\"},\"potentialAction\":[{\"@type\":\"SearchAction\",\"target\":{\"@type\":\"EntryPoint\",\"urlTemplate\":\"https:\/\/tewis.com\/?s={search_term_string}\"},\"query-input\":\"required name=search_term_string\"}],\"inLanguage\":\"en-US\"},{\"@type\":\"Organization\",\"@id\":\"https:\/\/tewis.com\/#organization\",\"name\":\"Tewis\",\"url\":\"https:\/\/tewis.com\/\",\"logo\":{\"@type\":\"ImageObject\",\"inLanguage\":\"en-US\",\"@id\":\"https:\/\/tewis.com\/#\/schema\/logo\/image\/\",\"url\":\"https:\/\/tewis.com\/wp-content\/uploads\/Tewis-Daikin_logoS.png\",\"contentUrl\":\"https:\/\/tewis.com\/wp-content\/uploads\/Tewis-Daikin_logoS.png\",\"width\":981,\"height\":482,\"caption\":\"Tewis\"},\"image\":{\"@id\":\"https:\/\/tewis.com\/#\/schema\/logo\/image\/\"},\"sameAs\":[\"https:\/\/www.facebook.com\/pages\/Tewis-Smart-Solutions-International\/299390543491462\",\"https:\/\/x.com\/tewissmart\",\"http:\/\/www.linkedin.com\/company\/tewis-smart-system-international\",\"https:\/\/www.youtube.com\/channel\/UC6gxVg8jneuZBUSobS3qFiA\"]},{\"@type\":\"Person\",\"@id\":\"https:\/\/tewis.com\/#\/schema\/person\/5fef2857c2d1b77cfb9133da7d517775\",\"name\":\"Marketing TEWIS\",\"image\":{\"@type\":\"ImageObject\",\"inLanguage\":\"en-US\",\"@id\":\"https:\/\/tewis.com\/#\/schema\/person\/image\/\",\"url\":\"https:\/\/secure.gravatar.com\/avatar\/7b59482a92a47e4bb5776a486948c4bd?s=96&d=mm&r=g\",\"contentUrl\":\"https:\/\/secure.gravatar.com\/avatar\/7b59482a92a47e4bb5776a486948c4bd?s=96&d=mm&r=g\",\"caption\":\"Marketing TEWIS\"}}]}<\/script>\n<!-- \/ Yoast SEO plugin. -->","yoast_head_json":{"title":"Dries Laheye, nuevo director general de Tewis | Tewis","description":"Dries Laheye, nuevo director general de Tewis, ha aceptado el reto de Daikin para llevar a la empresa a lo m\u00e1s alto del sector del fr\u00edo","robots":{"index":"index","follow":"follow","max-snippet":"max-snippet:-1","max-image-preview":"max-image-preview:large","max-video-preview":"max-video-preview:-1"},"canonical":"https:\/\/tewis.com\/4792\/","og_locale":"en_US","og_type":"article","og_title":"Dries Laheye, nuevo director general de Tewis | Tewis","og_description":"Dries Laheye, nuevo director general de Tewis, ha aceptado el reto de Daikin para llevar a la empresa a lo m\u00e1s alto del sector del fr\u00edo","og_url":"https:\/\/tewis.com\/4792\/","og_site_name":"Tewis","article_publisher":"https:\/\/www.facebook.com\/pages\/Tewis-Smart-Solutions-International\/299390543491462","article_published_time":"2024-04-04T14:10:02+00:00","article_modified_time":"2024-04-04T15:52:47+00:00","og_image":[{"width":1299,"height":867,"url":"https:\/\/tewis.com\/wp-content\/uploads\/dries_laheye_managingdirector_tewis.jpg","type":"image\/jpeg"}],"author":"Marketing TEWIS","twitter_card":"summary_large_image","twitter_creator":"@tewissmart","twitter_site":"@tewissmart","twitter_misc":{"Written by":"Marketing TEWIS","Est. reading time":"4 minutes"},"schema":{"@context":"https:\/\/schema.org","@graph":[{"@type":"Article","@id":"https:\/\/tewis.com\/4792\/#article","isPartOf":{"@id":"https:\/\/tewis.com\/4792\/"},"author":{"name":"Marketing TEWIS","@id":"https:\/\/tewis.com\/#\/schema\/person\/5fef2857c2d1b77cfb9133da7d517775"},"headline":"Dries Laheye, nuevo director general de Tewis","datePublished":"2024-04-04T14:10:02+00:00","dateModified":"2024-04-04T15:52:47+00:00","mainEntityOfPage":{"@id":"https:\/\/tewis.com\/4792\/"},"wordCount":1584,"commentCount":0,"publisher":{"@id":"https:\/\/tewis.com\/#organization"},"image":{"@id":"https:\/\/tewis.com\/4792\/#primaryimage"},"thumbnailUrl":"https:\/\/tewis.com\/wp-content\/uploads\/dries_laheye_managingdirector_tewis.jpg","keywords":["daikin","Daikin Europe","daikineurope","dries","nuevo director","refrigeracion","refrigeracion comercial","refrigeracion industrial","refrigeracioncomercial","Tewis"],"articleSection":["Tewis"],"inLanguage":"en-US","potentialAction":[{"@type":"CommentAction","name":"Comment","target":["https:\/\/tewis.com\/4792\/#respond"]}]},{"@type":"WebPage","@id":"https:\/\/tewis.com\/4792\/","url":"https:\/\/tewis.com\/4792\/","name":"Dries Laheye, nuevo director general de Tewis | Tewis","isPartOf":{"@id":"https:\/\/tewis.com\/#website"},"primaryImageOfPage":{"@id":"https:\/\/tewis.com\/4792\/#primaryimage"},"image":{"@id":"https:\/\/tewis.com\/4792\/#primaryimage"},"thumbnailUrl":"https:\/\/tewis.com\/wp-content\/uploads\/dries_laheye_managingdirector_tewis.jpg","datePublished":"2024-04-04T14:10:02+00:00","dateModified":"2024-04-04T15:52:47+00:00","description":"Dries Laheye, nuevo director general de Tewis, ha aceptado el reto de Daikin para llevar a la empresa a lo m\u00e1s alto del sector del fr\u00edo","breadcrumb":{"@id":"https:\/\/tewis.com\/4792\/#breadcrumb"},"inLanguage":"en-US","potentialAction":[{"@type":"ReadAction","target":["https:\/\/tewis.com\/4792\/"]}]},{"@type":"ImageObject","inLanguage":"en-US","@id":"https:\/\/tewis.com\/4792\/#primaryimage","url":"https:\/\/tewis.com\/wp-content\/uploads\/dries_laheye_managingdirector_tewis.jpg","contentUrl":"https:\/\/tewis.com\/wp-content\/uploads\/dries_laheye_managingdirector_tewis.jpg","width":1299,"height":867,"caption":"Dries Laheye en una reuni\u00f3n. Primer plano del nuevo CEO de TEWIS, miembro del grupo Daikin"},{"@type":"BreadcrumbList","@id":"https:\/\/tewis.com\/4792\/#breadcrumb","itemListElement":[{"@type":"ListItem","position":1,"name":"Portada","item":"https:\/\/tewis.com\/en\/"},{"@type":"ListItem","position":2,"name":"Dries Laheye, nuevo director general de Tewis"}]},{"@type":"WebSite","@id":"https:\/\/tewis.com\/#website","url":"https:\/\/tewis.com\/","name":"Tewis","description":"Ingenier\u00eda para la eficiencia","publisher":{"@id":"https:\/\/tewis.com\/#organization"},"potentialAction":[{"@type":"SearchAction","target":{"@type":"EntryPoint","urlTemplate":"https:\/\/tewis.com\/?s={search_term_string}"},"query-input":"required name=search_term_string"}],"inLanguage":"en-US"},{"@type":"Organization","@id":"https:\/\/tewis.com\/#organization","name":"Tewis","url":"https:\/\/tewis.com\/","logo":{"@type":"ImageObject","inLanguage":"en-US","@id":"https:\/\/tewis.com\/#\/schema\/logo\/image\/","url":"https:\/\/tewis.com\/wp-content\/uploads\/Tewis-Daikin_logoS.png","contentUrl":"https:\/\/tewis.com\/wp-content\/uploads\/Tewis-Daikin_logoS.png","width":981,"height":482,"caption":"Tewis"},"image":{"@id":"https:\/\/tewis.com\/#\/schema\/logo\/image\/"},"sameAs":["https:\/\/www.facebook.com\/pages\/Tewis-Smart-Solutions-International\/299390543491462","https:\/\/x.com\/tewissmart","http:\/\/www.linkedin.com\/company\/tewis-smart-system-international","https:\/\/www.youtube.com\/channel\/UC6gxVg8jneuZBUSobS3qFiA"]},{"@type":"Person","@id":"https:\/\/tewis.com\/#\/schema\/person\/5fef2857c2d1b77cfb9133da7d517775","name":"Marketing TEWIS","image":{"@type":"ImageObject","inLanguage":"en-US","@id":"https:\/\/tewis.com\/#\/schema\/person\/image\/","url":"https:\/\/secure.gravatar.com\/avatar\/7b59482a92a47e4bb5776a486948c4bd?s=96&d=mm&r=g","contentUrl":"https:\/\/secure.gravatar.com\/avatar\/7b59482a92a47e4bb5776a486948c4bd?s=96&d=mm&r=g","caption":"Marketing TEWIS"}}]}},"_links":{"self":[{"href":"https:\/\/tewis.com\/en\/wp-json\/wp\/v2\/posts\/4792"}],"collection":[{"href":"https:\/\/tewis.com\/en\/wp-json\/wp\/v2\/posts"}],"about":[{"href":"https:\/\/tewis.com\/en\/wp-json\/wp\/v2\/types\/post"}],"author":[{"embeddable":true,"href":"https:\/\/tewis.com\/en\/wp-json\/wp\/v2\/users\/3"}],"replies":[{"embeddable":true,"href":"https:\/\/tewis.com\/en\/wp-json\/wp\/v2\/comments?post=4792"}],"version-history":[{"count":24,"href":"https:\/\/tewis.com\/en\/wp-json\/wp\/v2\/posts\/4792\/revisions"}],"predecessor-version":[{"id":4839,"href":"https:\/\/tewis.com\/en\/wp-json\/wp\/v2\/posts\/4792\/revisions\/4839"}],"wp:featuredmedia":[{"embeddable":true,"href":"https:\/\/tewis.com\/en\/wp-json\/wp\/v2\/media\/4798"}],"wp:attachment":[{"href":"https:\/\/tewis.com\/en\/wp-json\/wp\/v2\/media?parent=4792"}],"wp:term":[{"taxonomy":"category","embeddable":true,"href":"https:\/\/tewis.com\/en\/wp-json\/wp\/v2\/categories?post=4792"},{"taxonomy":"post_tag","embeddable":true,"href":"https:\/\/tewis.com\/en\/wp-json\/wp\/v2\/tags?post=4792"}],"curies":[{"name":"wp","href":"https:\/\/api.w.org\/{rel}","templated":true}]}}