{"id":3331,"date":"2020-06-26T13:49:53","date_gmt":"2020-06-26T11:49:53","guid":{"rendered":"https:\/\/tewis.com\/?p=3331"},"modified":"2024-02-21T18:47:28","modified_gmt":"2024-02-21T16:47:28","slug":"world-refrigeration-day-2020","status":"publish","type":"post","link":"https:\/\/tewis.com\/en\/world-refrigeration-day-2020\/","title":{"rendered":"World Refrigeration Day 2020"},"content":{"rendered":"\n<p>Por segundo a\u00f1o, hoy 26 de junio de 2020, la industria de refrigeraci\u00f3n y aire acondicionado vuelve a celebrar el <strong>D\u00eda Mundial de la Refrigeraci\u00f3n.<\/strong><\/p>\n<p>Se pretende que este d\u00eda sirva para sensibilizar el p\u00fablico sobre el <strong>papel decisivo que desempe\u00f1a la industria de la refrigeraci\u00f3n<\/strong> y su tecnolog\u00eda en la vida moderna y en el bienestar de la sociedad.<\/p>\n<p>\u201c<strong>El necesario reconocimiento social a esta industria vital para el desarrollo de la sociedad moderna es fundamental<\/strong>, y llega en pleno debate sobre el cambio clim\u00e1tico\u201d afirma Carlos Momplet, CEO de Tewis Smart Systems. \u201cEn este marco, <strong>los sistemas de refrigeraci\u00f3n juegan un papel fundamental en la lucha contra el calentamiento global<\/strong>. Hoy en d\u00eda tenemos la oportunidad de reinventar como generar los recursos que mueven nuestra econom\u00eda. Podemos satisfacer las crecientes necesidades de nuestra sociedad asegurando al mismo tiempo un futuro energ\u00e9tico limpio y seguro. <strong>Por eso en Tewis dise\u00f1amos y producimos una gama completa de sistemas de refrigeraci\u00f3n basados en CO2 con bajo potencial de calentamiento global y el menor \u00edndice TEWI.<\/strong><\/p>\n<p>Nuestros sistemas de refrigeraci\u00f3n tienen un impacto m\u00ednimo sobre el medio ambiente, y el uso de tecnolog\u00edas Green nos ayuda a mantener nuestro compromiso: <strong>fomentar el uso de refrigerantes naturales en nuestro sector promoviendo el avance de tecnolog\u00edas m\u00e1s eficientes.\u201d<\/strong><\/p>\n<p>Es por eso que somos orgullosos partidarios del <strong>D\u00eda mundial de la Refrigeraci\u00f3n,<\/strong> una gran iniciativa internacional para resaltar el valor de <strong>una industria no ampliamente reconocida pero vital<\/strong> desde el sector m\u00e9dico hasta el suministro de alimentos y la agricultura, pasando por la ingenier\u00eda de procesos hasta los datos y las tecnolog\u00edas de la informaci\u00f3n.<\/p>\n","protected":false},"excerpt":{"rendered":"<p>World Refrigeration Day 2020, es el d\u00eda de la industria de la Refrigeraci\u00f3n y Aire Acondicionado. Una jornada de sensibilizaci\u00f3n sobre el papel esencial del sector.<\/p>\n","protected":false},"author":1,"featured_media":3332,"comment_status":"open","ping_status":"closed","sticky":false,"template":"","format":"standard","meta":{"_et_pb_use_builder":"off","_et_pb_old_content":"","_et_gb_content_width":"","_exactmetrics_skip_tracking":false,"_exactmetrics_sitenote_active":false,"_exactmetrics_sitenote_note":"","_exactmetrics_sitenote_category":0,"footnotes":""},"categories":[2],"tags":[],"yoast_head":"<!-- This site is optimized with the Yoast SEO plugin v22.8 - https:\/\/yoast.com\/wordpress\/plugins\/seo\/ -->\n<title>World Refrigeration Day 2020 | Tewis<\/title>\n<meta name=\"description\" content=\"Por segundo a\u00f1o, hoy 26 de junio de 2020, la industria de refrigeraci\u00f3n y aire acondicionado vuelve a celebrar el D\u00eda Mundial de la Refrigeraci\u00f3n. Se pretende que este d\u00eda sirva para sensibilizar el p\u00fablico sobre el papel decisivo que desempe\u00f1a la industria de la refrigeraci\u00f3n y su tecnolog\u00eda en la vida moderna y en el bienestar de la sociedad.\" \/>\n<meta name=\"robots\" content=\"index, follow, max-snippet:-1, max-image-preview:large, max-video-preview:-1\" \/>\n<link rel=\"canonical\" href=\"https:\/\/tewis.com\/world-refrigeration-day-2020\/\" \/>\n<meta property=\"og:locale\" content=\"en_US\" \/>\n<meta property=\"og:type\" content=\"article\" \/>\n<meta property=\"og:title\" content=\"World Refrigeration Day 2020 | Tewis\" \/>\n<meta property=\"og:description\" content=\"Por segundo a\u00f1o, hoy 26 de junio de 2020, la industria de refrigeraci\u00f3n y aire acondicionado vuelve a celebrar el D\u00eda Mundial de la Refrigeraci\u00f3n. Se pretende que este d\u00eda sirva para sensibilizar el p\u00fablico sobre el papel decisivo que desempe\u00f1a la industria de la refrigeraci\u00f3n y su tecnolog\u00eda en la vida moderna y en el bienestar de la sociedad.\" \/>\n<meta property=\"og:url\" content=\"https:\/\/tewis.com\/world-refrigeration-day-2020\/\" \/>\n<meta property=\"og:site_name\" content=\"Tewis\" \/>\n<meta property=\"article:publisher\" content=\"https:\/\/www.facebook.com\/pages\/Tewis-Smart-Solutions-International\/299390543491462\" \/>\n<meta property=\"article:published_time\" content=\"2020-06-26T11:49:53+00:00\" \/>\n<meta property=\"article:modified_time\" content=\"2024-02-21T16:47:28+00:00\" \/>\n<meta property=\"og:image\" content=\"https:\/\/tewis.com\/wp-content\/uploads\/wrd2020.png\" \/>\n\t<meta property=\"og:image:width\" content=\"1200\" \/>\n\t<meta property=\"og:image:height\" content=\"900\" \/>\n\t<meta property=\"og:image:type\" content=\"image\/png\" \/>\n<meta name=\"author\" content=\"Tewis\" \/>\n<meta name=\"twitter:card\" content=\"summary_large_image\" \/>\n<meta name=\"twitter:creator\" content=\"@tewissmart\" \/>\n<meta name=\"twitter:site\" content=\"@tewissmart\" \/>\n<meta name=\"twitter:label1\" content=\"Written by\" \/>\n\t<meta name=\"twitter:data1\" content=\"Tewis\" \/>\n\t<meta name=\"twitter:label2\" content=\"Est. reading time\" \/>\n\t<meta name=\"twitter:data2\" content=\"2 minutes\" \/>\n<script type=\"application\/ld+json\" class=\"yoast-schema-graph\">{\"@context\":\"https:\/\/schema.org\",\"@graph\":[{\"@type\":\"Article\",\"@id\":\"https:\/\/tewis.com\/world-refrigeration-day-2020\/#article\",\"isPartOf\":{\"@id\":\"https:\/\/tewis.com\/world-refrigeration-day-2020\/\"},\"author\":{\"name\":\"Tewis\",\"@id\":\"https:\/\/tewis.com\/#\/schema\/person\/94fa2afa35e32c52bdc59903bdc82d52\"},\"headline\":\"World Refrigeration Day 2020\",\"datePublished\":\"2020-06-26T11:49:53+00:00\",\"dateModified\":\"2024-02-21T16:47:28+00:00\",\"mainEntityOfPage\":{\"@id\":\"https:\/\/tewis.com\/world-refrigeration-day-2020\/\"},\"wordCount\":298,\"commentCount\":0,\"publisher\":{\"@id\":\"https:\/\/tewis.com\/#organization\"},\"image\":{\"@id\":\"https:\/\/tewis.com\/world-refrigeration-day-2020\/#primaryimage\"},\"thumbnailUrl\":\"https:\/\/tewis.com\/wp-content\/uploads\/wrd2020.png\",\"articleSection\":[\"Tewis\"],\"inLanguage\":\"en-US\",\"potentialAction\":[{\"@type\":\"CommentAction\",\"name\":\"Comment\",\"target\":[\"https:\/\/tewis.com\/world-refrigeration-day-2020\/#respond\"]}]},{\"@type\":\"WebPage\",\"@id\":\"https:\/\/tewis.com\/world-refrigeration-day-2020\/\",\"url\":\"https:\/\/tewis.com\/world-refrigeration-day-2020\/\",\"name\":\"World Refrigeration Day 2020 | Tewis\",\"isPartOf\":{\"@id\":\"https:\/\/tewis.com\/#website\"},\"primaryImageOfPage\":{\"@id\":\"https:\/\/tewis.com\/world-refrigeration-day-2020\/#primaryimage\"},\"image\":{\"@id\":\"https:\/\/tewis.com\/world-refrigeration-day-2020\/#primaryimage\"},\"thumbnailUrl\":\"https:\/\/tewis.com\/wp-content\/uploads\/wrd2020.png\",\"datePublished\":\"2020-06-26T11:49:53+00:00\",\"dateModified\":\"2024-02-21T16:47:28+00:00\",\"description\":\"Por segundo a\u00f1o, hoy 26 de junio de 2020, la industria de refrigeraci\u00f3n y aire acondicionado vuelve a celebrar el D\u00eda Mundial de la Refrigeraci\u00f3n. Se pretende que este d\u00eda sirva para sensibilizar el p\u00fablico sobre el papel decisivo que desempe\u00f1a la industria de la refrigeraci\u00f3n y su tecnolog\u00eda en la vida moderna y en el bienestar de la sociedad.\",\"breadcrumb\":{\"@id\":\"https:\/\/tewis.com\/world-refrigeration-day-2020\/#breadcrumb\"},\"inLanguage\":\"en-US\",\"potentialAction\":[{\"@type\":\"ReadAction\",\"target\":[\"https:\/\/tewis.com\/world-refrigeration-day-2020\/\"]}]},{\"@type\":\"ImageObject\",\"inLanguage\":\"en-US\",\"@id\":\"https:\/\/tewis.com\/world-refrigeration-day-2020\/#primaryimage\",\"url\":\"https:\/\/tewis.com\/wp-content\/uploads\/wrd2020.png\",\"contentUrl\":\"https:\/\/tewis.com\/wp-content\/uploads\/wrd2020.png\",\"width\":1200,\"height\":900,\"caption\":\"world refrigeration day\"},{\"@type\":\"BreadcrumbList\",\"@id\":\"https:\/\/tewis.com\/world-refrigeration-day-2020\/#breadcrumb\",\"itemListElement\":[{\"@type\":\"ListItem\",\"position\":1,\"name\":\"Portada\",\"item\":\"https:\/\/tewis.com\/en\/\"},{\"@type\":\"ListItem\",\"position\":2,\"name\":\"World Refrigeration Day 2020\"}]},{\"@type\":\"WebSite\",\"@id\":\"https:\/\/tewis.com\/#website\",\"url\":\"https:\/\/tewis.com\/\",\"name\":\"Tewis\",\"description\":\"Ingenier\u00eda para la eficiencia\",\"publisher\":{\"@id\":\"https:\/\/tewis.com\/#organization\"},\"potentialAction\":[{\"@type\":\"SearchAction\",\"target\":{\"@type\":\"EntryPoint\",\"urlTemplate\":\"https:\/\/tewis.com\/?s={search_term_string}\"},\"query-input\":\"required name=search_term_string\"}],\"inLanguage\":\"en-US\"},{\"@type\":\"Organization\",\"@id\":\"https:\/\/tewis.com\/#organization\",\"name\":\"Tewis\",\"url\":\"https:\/\/tewis.com\/\",\"logo\":{\"@type\":\"ImageObject\",\"inLanguage\":\"en-US\",\"@id\":\"https:\/\/tewis.com\/#\/schema\/logo\/image\/\",\"url\":\"https:\/\/tewis.com\/wp-content\/uploads\/Tewis-Daikin_logoS.png\",\"contentUrl\":\"https:\/\/tewis.com\/wp-content\/uploads\/Tewis-Daikin_logoS.png\",\"width\":981,\"height\":482,\"caption\":\"Tewis\"},\"image\":{\"@id\":\"https:\/\/tewis.com\/#\/schema\/logo\/image\/\"},\"sameAs\":[\"https:\/\/www.facebook.com\/pages\/Tewis-Smart-Solutions-International\/299390543491462\",\"https:\/\/x.com\/tewissmart\",\"http:\/\/www.linkedin.com\/company\/tewis-smart-system-international\",\"https:\/\/www.youtube.com\/channel\/UC6gxVg8jneuZBUSobS3qFiA\"]},{\"@type\":\"Person\",\"@id\":\"https:\/\/tewis.com\/#\/schema\/person\/94fa2afa35e32c52bdc59903bdc82d52\",\"name\":\"Tewis\",\"image\":{\"@type\":\"ImageObject\",\"inLanguage\":\"en-US\",\"@id\":\"https:\/\/tewis.com\/#\/schema\/person\/image\/\",\"url\":\"https:\/\/secure.gravatar.com\/avatar\/e02ea48bcaf717c303d52cc8a6ba2858?s=96&d=mm&r=g\",\"contentUrl\":\"https:\/\/secure.gravatar.com\/avatar\/e02ea48bcaf717c303d52cc8a6ba2858?s=96&d=mm&r=g\",\"caption\":\"Tewis\"}}]}<\/script>\n<!-- \/ Yoast SEO plugin. -->","yoast_head_json":{"title":"World Refrigeration Day 2020 | Tewis","description":"Por segundo a\u00f1o, hoy 26 de junio de 2020, la industria de refrigeraci\u00f3n y aire acondicionado vuelve a celebrar el D\u00eda Mundial de la Refrigeraci\u00f3n. Se pretende que este d\u00eda sirva para sensibilizar el p\u00fablico sobre el papel decisivo que desempe\u00f1a la industria de la refrigeraci\u00f3n y su tecnolog\u00eda en la vida moderna y en el bienestar de la sociedad.","robots":{"index":"index","follow":"follow","max-snippet":"max-snippet:-1","max-image-preview":"max-image-preview:large","max-video-preview":"max-video-preview:-1"},"canonical":"https:\/\/tewis.com\/world-refrigeration-day-2020\/","og_locale":"en_US","og_type":"article","og_title":"World Refrigeration Day 2020 | Tewis","og_description":"Por segundo a\u00f1o, hoy 26 de junio de 2020, la industria de refrigeraci\u00f3n y aire acondicionado vuelve a celebrar el D\u00eda Mundial de la Refrigeraci\u00f3n. Se pretende que este d\u00eda sirva para sensibilizar el p\u00fablico sobre el papel decisivo que desempe\u00f1a la industria de la refrigeraci\u00f3n y su tecnolog\u00eda en la vida moderna y en el bienestar de la sociedad.","og_url":"https:\/\/tewis.com\/world-refrigeration-day-2020\/","og_site_name":"Tewis","article_publisher":"https:\/\/www.facebook.com\/pages\/Tewis-Smart-Solutions-International\/299390543491462","article_published_time":"2020-06-26T11:49:53+00:00","article_modified_time":"2024-02-21T16:47:28+00:00","og_image":[{"width":1200,"height":900,"url":"https:\/\/tewis.com\/wp-content\/uploads\/wrd2020.png","type":"image\/png"}],"author":"Tewis","twitter_card":"summary_large_image","twitter_creator":"@tewissmart","twitter_site":"@tewissmart","twitter_misc":{"Written by":"Tewis","Est. reading time":"2 minutes"},"schema":{"@context":"https:\/\/schema.org","@graph":[{"@type":"Article","@id":"https:\/\/tewis.com\/world-refrigeration-day-2020\/#article","isPartOf":{"@id":"https:\/\/tewis.com\/world-refrigeration-day-2020\/"},"author":{"name":"Tewis","@id":"https:\/\/tewis.com\/#\/schema\/person\/94fa2afa35e32c52bdc59903bdc82d52"},"headline":"World Refrigeration Day 2020","datePublished":"2020-06-26T11:49:53+00:00","dateModified":"2024-02-21T16:47:28+00:00","mainEntityOfPage":{"@id":"https:\/\/tewis.com\/world-refrigeration-day-2020\/"},"wordCount":298,"commentCount":0,"publisher":{"@id":"https:\/\/tewis.com\/#organization"},"image":{"@id":"https:\/\/tewis.com\/world-refrigeration-day-2020\/#primaryimage"},"thumbnailUrl":"https:\/\/tewis.com\/wp-content\/uploads\/wrd2020.png","articleSection":["Tewis"],"inLanguage":"en-US","potentialAction":[{"@type":"CommentAction","name":"Comment","target":["https:\/\/tewis.com\/world-refrigeration-day-2020\/#respond"]}]},{"@type":"WebPage","@id":"https:\/\/tewis.com\/world-refrigeration-day-2020\/","url":"https:\/\/tewis.com\/world-refrigeration-day-2020\/","name":"World Refrigeration Day 2020 | Tewis","isPartOf":{"@id":"https:\/\/tewis.com\/#website"},"primaryImageOfPage":{"@id":"https:\/\/tewis.com\/world-refrigeration-day-2020\/#primaryimage"},"image":{"@id":"https:\/\/tewis.com\/world-refrigeration-day-2020\/#primaryimage"},"thumbnailUrl":"https:\/\/tewis.com\/wp-content\/uploads\/wrd2020.png","datePublished":"2020-06-26T11:49:53+00:00","dateModified":"2024-02-21T16:47:28+00:00","description":"Por segundo a\u00f1o, hoy 26 de junio de 2020, la industria de refrigeraci\u00f3n y aire acondicionado vuelve a celebrar el D\u00eda Mundial de la Refrigeraci\u00f3n. Se pretende que este d\u00eda sirva para sensibilizar el p\u00fablico sobre el papel decisivo que desempe\u00f1a la industria de la refrigeraci\u00f3n y su tecnolog\u00eda en la vida moderna y en el bienestar de la sociedad.","breadcrumb":{"@id":"https:\/\/tewis.com\/world-refrigeration-day-2020\/#breadcrumb"},"inLanguage":"en-US","potentialAction":[{"@type":"ReadAction","target":["https:\/\/tewis.com\/world-refrigeration-day-2020\/"]}]},{"@type":"ImageObject","inLanguage":"en-US","@id":"https:\/\/tewis.com\/world-refrigeration-day-2020\/#primaryimage","url":"https:\/\/tewis.com\/wp-content\/uploads\/wrd2020.png","contentUrl":"https:\/\/tewis.com\/wp-content\/uploads\/wrd2020.png","width":1200,"height":900,"caption":"world refrigeration day"},{"@type":"BreadcrumbList","@id":"https:\/\/tewis.com\/world-refrigeration-day-2020\/#breadcrumb","itemListElement":[{"@type":"ListItem","position":1,"name":"Portada","item":"https:\/\/tewis.com\/en\/"},{"@type":"ListItem","position":2,"name":"World Refrigeration Day 2020"}]},{"@type":"WebSite","@id":"https:\/\/tewis.com\/#website","url":"https:\/\/tewis.com\/","name":"Tewis","description":"Ingenier\u00eda para la eficiencia","publisher":{"@id":"https:\/\/tewis.com\/#organization"},"potentialAction":[{"@type":"SearchAction","target":{"@type":"EntryPoint","urlTemplate":"https:\/\/tewis.com\/?s={search_term_string}"},"query-input":"required name=search_term_string"}],"inLanguage":"en-US"},{"@type":"Organization","@id":"https:\/\/tewis.com\/#organization","name":"Tewis","url":"https:\/\/tewis.com\/","logo":{"@type":"ImageObject","inLanguage":"en-US","@id":"https:\/\/tewis.com\/#\/schema\/logo\/image\/","url":"https:\/\/tewis.com\/wp-content\/uploads\/Tewis-Daikin_logoS.png","contentUrl":"https:\/\/tewis.com\/wp-content\/uploads\/Tewis-Daikin_logoS.png","width":981,"height":482,"caption":"Tewis"},"image":{"@id":"https:\/\/tewis.com\/#\/schema\/logo\/image\/"},"sameAs":["https:\/\/www.facebook.com\/pages\/Tewis-Smart-Solutions-International\/299390543491462","https:\/\/x.com\/tewissmart","http:\/\/www.linkedin.com\/company\/tewis-smart-system-international","https:\/\/www.youtube.com\/channel\/UC6gxVg8jneuZBUSobS3qFiA"]},{"@type":"Person","@id":"https:\/\/tewis.com\/#\/schema\/person\/94fa2afa35e32c52bdc59903bdc82d52","name":"Tewis","image":{"@type":"ImageObject","inLanguage":"en-US","@id":"https:\/\/tewis.com\/#\/schema\/person\/image\/","url":"https:\/\/secure.gravatar.com\/avatar\/e02ea48bcaf717c303d52cc8a6ba2858?s=96&d=mm&r=g","contentUrl":"https:\/\/secure.gravatar.com\/avatar\/e02ea48bcaf717c303d52cc8a6ba2858?s=96&d=mm&r=g","caption":"Tewis"}}]}},"_links":{"self":[{"href":"https:\/\/tewis.com\/en\/wp-json\/wp\/v2\/posts\/3331"}],"collection":[{"href":"https:\/\/tewis.com\/en\/wp-json\/wp\/v2\/posts"}],"about":[{"href":"https:\/\/tewis.com\/en\/wp-json\/wp\/v2\/types\/post"}],"author":[{"embeddable":true,"href":"https:\/\/tewis.com\/en\/wp-json\/wp\/v2\/users\/1"}],"replies":[{"embeddable":true,"href":"https:\/\/tewis.com\/en\/wp-json\/wp\/v2\/comments?post=3331"}],"version-history":[{"count":3,"href":"https:\/\/tewis.com\/en\/wp-json\/wp\/v2\/posts\/3331\/revisions"}],"predecessor-version":[{"id":4499,"href":"https:\/\/tewis.com\/en\/wp-json\/wp\/v2\/posts\/3331\/revisions\/4499"}],"wp:featuredmedia":[{"embeddable":true,"href":"https:\/\/tewis.com\/en\/wp-json\/wp\/v2\/media\/3332"}],"wp:attachment":[{"href":"https:\/\/tewis.com\/en\/wp-json\/wp\/v2\/media?parent=3331"}],"wp:term":[{"taxonomy":"category","embeddable":true,"href":"https:\/\/tewis.com\/en\/wp-json\/wp\/v2\/categories?post=3331"},{"taxonomy":"post_tag","embeddable":true,"href":"https:\/\/tewis.com\/en\/wp-json\/wp\/v2\/tags?post=3331"}],"curies":[{"name":"wp","href":"https:\/\/api.w.org\/{rel}","templated":true}]}}