{"id":3190,"date":"2020-02-24T18:45:33","date_gmt":"2020-02-24T16:45:33","guid":{"rendered":"https:\/\/tewis.com\/?p=3190"},"modified":"2020-02-24T18:46:43","modified_gmt":"2020-02-24T16:46:43","slug":"tewis-en-euroshop-2020-una-edicion-memorable","status":"publish","type":"post","link":"https:\/\/tewis.com\/en\/tewis-en-euroshop-2020-una-edicion-memorable\/","title":{"rendered":"Tewis en Euroshop 2020, una edici\u00f3n memorable"},"content":{"rendered":"\n<div class=\"wp-block-image\"><figure class=\"aligncenter\"><img loading=\"lazy\" decoding=\"async\" width=\"1024\" height=\"768\" src=\"https:\/\/tewis.com\/wp-content\/uploads\/2-1024x768.jpg\" alt=\"\" class=\"wp-image-3192\" srcset=\"https:\/\/tewis.com\/wp-content\/uploads\/2-980x735.jpg 980w, https:\/\/tewis.com\/wp-content\/uploads\/2-480x360.jpg 480w\" sizes=\"(min-width: 0px) and (max-width: 480px) 480px, (min-width: 481px) and (max-width: 980px) 980px, (min-width: 981px) 1024px, 100vw\" \/><figcaption>Euroshop &#8211; The world&#8217;s No. 1 Retail Trade Fair<br>D\u00fcsseldorf,  16-20 febrero 2020<\/figcaption><\/figure><\/div>\n\n\n\n<p style=\"text-align: left;\">Din\u00e1mica y orientada hacia el futuro, la feria <a href=\"https:\/\/www.euroshop-tradefair.com\/\">EuroShop<\/a> con sus 94.000 visitantes y 2.300 expositores, una vez m\u00e1s ha demostrado con \u00e9xito ser la plataforma m\u00e1s relevante para la comunidad minorista global en lo que respecta a tendencias e inspiraciones.<\/p>\n<p><strong>Tewis<\/strong> no ha dudado en participar en este evento internacional tan relevante para presentar sus \u00faltimas innovaciones y conquistas en el sector de la refrigeraci\u00f3n natural. Como miembros del <strong>grupo<\/strong> <strong>Daikin<\/strong>, presentamos nuestras novedades en el stand 16\/A60, un espacio vivo donde destacaron varias innovaciones en el campo de la eficiencia y de la tecnolog\u00eda aplicada a la refrigeraci\u00f3n industrial.<\/p>\n<p>Entre ellas <strong>Tewis<\/strong> present\u00f3 la <strong>Full Mini NS21, <\/strong>una central mini y compacta altamente competitiva para la generaci\u00f3n de fr\u00edo con CO<sub>2<\/sub> en ciclo transcr\u00edtico. Con una huella reducida de menos de 1 m<sup>2 <\/sup>y su ECO-design esta m\u00e1quina permite acceder f\u00e1cilmente a los componentes, agilizando las tareas de mantenimiento; puede servir \u00e1reas de 300 a 600 m<sup>2<\/sup> atendiendo los servicios de refrigeraci\u00f3n en una o dos temperaturas, trabajando como booster. Representa la soluci\u00f3n ideal para franquicias de medias dimensiones.<\/p>\n<p>\u00a0<\/p>\n<p>Nuestro stand ha sido en esta edici\u00f3n el gran escaparate donde hemos exhibido tambi\u00e9n la unidad <strong>Full NV 66+,<\/strong> una central compacta que ofrece servicios de refrigeraci\u00f3n en ciclo transcr\u00edtico en una o dos temperaturas, funcionando como booster. Con una potencia de 60 kW para medias temperaturas y hasta 68 kW para bajas temperaturas, puede servir \u00e1reas de 600 a 1000 m<sup>2<\/sup>, con opci\u00f3n de recuperaci\u00f3n de calor e insonorizaci\u00f3n reforzada.<\/p>\n<p>En definitiva, <strong>Tewis<\/strong> ha presentado en <strong>Euroshop 2020<\/strong> una gran versatilidad de soluciones eficientes energ\u00e9ticamente que se ajustan a cualquier necesidad, permitiendo a nuestros clientes una reducci\u00f3n en los costes de inversi\u00f3n y de mantenimiento, optimizando cada equipo y adapt\u00e1ndolos a cada entorno y a los diferentes marcos legislativos.<\/p>\n<p style=\"text-align: center;\">Agradecemos a todos su visita a nuestro stand y les esperamos en el pr\u00f3ximo evento.<\/p>\n","protected":false},"excerpt":{"rendered":"<p>Din\u00e1mica y orientada hacia el futuro, la feria EuroShop con sus 94.000 visitantes y 2.300 expositores, una vez m\u00e1s ha demostrado con \u00e9xito ser la plataforma m\u00e1s relevante para la comunidad minorista global en lo que respecta a tendencias e inspiraciones. Tewis no ha dudado en participar en este evento internacional tan relevante para presentar [&hellip;]<\/p>\n","protected":false},"author":1,"featured_media":3192,"comment_status":"open","ping_status":"closed","sticky":false,"template":"","format":"standard","meta":{"_et_pb_use_builder":"off","_et_pb_old_content":"","_et_gb_content_width":"","_exactmetrics_skip_tracking":false,"_exactmetrics_sitenote_active":false,"_exactmetrics_sitenote_note":"","_exactmetrics_sitenote_category":0,"footnotes":""},"categories":[31,2],"tags":[69,20,70,73,71,72],"yoast_head":"<!-- This site is optimized with the Yoast SEO plugin v22.8 - https:\/\/yoast.com\/wordpress\/plugins\/seo\/ -->\n<title>Tewis en Euroshop 2020, una edici\u00f3n memorable | Tewis<\/title>\n<meta name=\"description\" content=\"Tewis no ha dudado en participar en este evento internacional tan relevante para presentar sus \u00faltimas innovaciones en el sector de la refrigeraci\u00f3n natural\" \/>\n<meta name=\"robots\" content=\"index, follow, max-snippet:-1, max-image-preview:large, max-video-preview:-1\" \/>\n<link rel=\"canonical\" href=\"https:\/\/tewis.com\/tewis-en-euroshop-2020-una-edicion-memorable\/\" \/>\n<meta property=\"og:locale\" content=\"en_US\" \/>\n<meta property=\"og:type\" content=\"article\" \/>\n<meta property=\"og:title\" content=\"Tewis en Euroshop 2020, una edici\u00f3n memorable | Tewis\" \/>\n<meta property=\"og:description\" content=\"Tewis no ha dudado en participar en este evento internacional tan relevante para presentar sus \u00faltimas innovaciones en el sector de la refrigeraci\u00f3n natural\" \/>\n<meta property=\"og:url\" content=\"https:\/\/tewis.com\/tewis-en-euroshop-2020-una-edicion-memorable\/\" \/>\n<meta property=\"og:site_name\" content=\"Tewis\" \/>\n<meta property=\"article:publisher\" content=\"https:\/\/www.facebook.com\/pages\/Tewis-Smart-Solutions-International\/299390543491462\" \/>\n<meta property=\"article:published_time\" content=\"2020-02-24T16:45:33+00:00\" \/>\n<meta property=\"article:modified_time\" content=\"2020-02-24T16:46:43+00:00\" \/>\n<meta property=\"og:image\" content=\"https:\/\/tewis.com\/wp-content\/uploads\/2-1024x768.jpg\" \/>\n\t<meta property=\"og:image:width\" content=\"1024\" \/>\n\t<meta property=\"og:image:height\" content=\"768\" \/>\n\t<meta property=\"og:image:type\" content=\"image\/jpeg\" \/>\n<meta name=\"author\" content=\"Tewis\" \/>\n<meta name=\"twitter:card\" content=\"summary_large_image\" \/>\n<meta name=\"twitter:creator\" content=\"@tewissmart\" \/>\n<meta name=\"twitter:site\" content=\"@tewissmart\" \/>\n<meta name=\"twitter:label1\" content=\"Written by\" \/>\n\t<meta name=\"twitter:data1\" content=\"Tewis\" \/>\n\t<meta name=\"twitter:label2\" content=\"Est. reading time\" \/>\n\t<meta name=\"twitter:data2\" content=\"2 minutes\" \/>\n<script type=\"application\/ld+json\" class=\"yoast-schema-graph\">{\"@context\":\"https:\/\/schema.org\",\"@graph\":[{\"@type\":\"Article\",\"@id\":\"https:\/\/tewis.com\/tewis-en-euroshop-2020-una-edicion-memorable\/#article\",\"isPartOf\":{\"@id\":\"https:\/\/tewis.com\/tewis-en-euroshop-2020-una-edicion-memorable\/\"},\"author\":{\"name\":\"Tewis\",\"@id\":\"https:\/\/tewis.com\/#\/schema\/person\/94fa2afa35e32c52bdc59903bdc82d52\"},\"headline\":\"Tewis en Euroshop 2020, una edici\u00f3n memorable\",\"datePublished\":\"2020-02-24T16:45:33+00:00\",\"dateModified\":\"2020-02-24T16:46:43+00:00\",\"mainEntityOfPage\":{\"@id\":\"https:\/\/tewis.com\/tewis-en-euroshop-2020-una-edicion-memorable\/\"},\"wordCount\":348,\"commentCount\":0,\"publisher\":{\"@id\":\"https:\/\/tewis.com\/#organization\"},\"image\":{\"@id\":\"https:\/\/tewis.com\/tewis-en-euroshop-2020-una-edicion-memorable\/#primaryimage\"},\"thumbnailUrl\":\"https:\/\/tewis.com\/wp-content\/uploads\/2.jpg\",\"keywords\":[\"euroshop\",\"eventos\",\"ferias\",\"FullCo2\",\"NS21\",\"NV66+\"],\"articleSection\":[\"Eventos\",\"Tewis\"],\"inLanguage\":\"en-US\",\"potentialAction\":[{\"@type\":\"CommentAction\",\"name\":\"Comment\",\"target\":[\"https:\/\/tewis.com\/tewis-en-euroshop-2020-una-edicion-memorable\/#respond\"]}]},{\"@type\":\"WebPage\",\"@id\":\"https:\/\/tewis.com\/tewis-en-euroshop-2020-una-edicion-memorable\/\",\"url\":\"https:\/\/tewis.com\/tewis-en-euroshop-2020-una-edicion-memorable\/\",\"name\":\"Tewis en Euroshop 2020, una edici\u00f3n memorable | Tewis\",\"isPartOf\":{\"@id\":\"https:\/\/tewis.com\/#website\"},\"primaryImageOfPage\":{\"@id\":\"https:\/\/tewis.com\/tewis-en-euroshop-2020-una-edicion-memorable\/#primaryimage\"},\"image\":{\"@id\":\"https:\/\/tewis.com\/tewis-en-euroshop-2020-una-edicion-memorable\/#primaryimage\"},\"thumbnailUrl\":\"https:\/\/tewis.com\/wp-content\/uploads\/2.jpg\",\"datePublished\":\"2020-02-24T16:45:33+00:00\",\"dateModified\":\"2020-02-24T16:46:43+00:00\",\"description\":\"Tewis no ha dudado en participar en este evento internacional tan relevante para presentar sus \u00faltimas innovaciones en el sector de la refrigeraci\u00f3n natural\",\"breadcrumb\":{\"@id\":\"https:\/\/tewis.com\/tewis-en-euroshop-2020-una-edicion-memorable\/#breadcrumb\"},\"inLanguage\":\"en-US\",\"potentialAction\":[{\"@type\":\"ReadAction\",\"target\":[\"https:\/\/tewis.com\/tewis-en-euroshop-2020-una-edicion-memorable\/\"]}]},{\"@type\":\"ImageObject\",\"inLanguage\":\"en-US\",\"@id\":\"https:\/\/tewis.com\/tewis-en-euroshop-2020-una-edicion-memorable\/#primaryimage\",\"url\":\"https:\/\/tewis.com\/wp-content\/uploads\/2.jpg\",\"contentUrl\":\"https:\/\/tewis.com\/wp-content\/uploads\/2.jpg\",\"width\":4032,\"height\":3024},{\"@type\":\"BreadcrumbList\",\"@id\":\"https:\/\/tewis.com\/tewis-en-euroshop-2020-una-edicion-memorable\/#breadcrumb\",\"itemListElement\":[{\"@type\":\"ListItem\",\"position\":1,\"name\":\"Portada\",\"item\":\"https:\/\/tewis.com\/en\/\"},{\"@type\":\"ListItem\",\"position\":2,\"name\":\"Tewis en Euroshop 2020, una edici\u00f3n memorable\"}]},{\"@type\":\"WebSite\",\"@id\":\"https:\/\/tewis.com\/#website\",\"url\":\"https:\/\/tewis.com\/\",\"name\":\"Tewis\",\"description\":\"Ingenier\u00eda para la eficiencia\",\"publisher\":{\"@id\":\"https:\/\/tewis.com\/#organization\"},\"potentialAction\":[{\"@type\":\"SearchAction\",\"target\":{\"@type\":\"EntryPoint\",\"urlTemplate\":\"https:\/\/tewis.com\/?s={search_term_string}\"},\"query-input\":\"required name=search_term_string\"}],\"inLanguage\":\"en-US\"},{\"@type\":\"Organization\",\"@id\":\"https:\/\/tewis.com\/#organization\",\"name\":\"Tewis\",\"url\":\"https:\/\/tewis.com\/\",\"logo\":{\"@type\":\"ImageObject\",\"inLanguage\":\"en-US\",\"@id\":\"https:\/\/tewis.com\/#\/schema\/logo\/image\/\",\"url\":\"https:\/\/tewis.com\/wp-content\/uploads\/Tewis-Daikin_logoS.png\",\"contentUrl\":\"https:\/\/tewis.com\/wp-content\/uploads\/Tewis-Daikin_logoS.png\",\"width\":981,\"height\":482,\"caption\":\"Tewis\"},\"image\":{\"@id\":\"https:\/\/tewis.com\/#\/schema\/logo\/image\/\"},\"sameAs\":[\"https:\/\/www.facebook.com\/pages\/Tewis-Smart-Solutions-International\/299390543491462\",\"https:\/\/x.com\/tewissmart\",\"http:\/\/www.linkedin.com\/company\/tewis-smart-system-international\",\"https:\/\/www.youtube.com\/channel\/UC6gxVg8jneuZBUSobS3qFiA\"]},{\"@type\":\"Person\",\"@id\":\"https:\/\/tewis.com\/#\/schema\/person\/94fa2afa35e32c52bdc59903bdc82d52\",\"name\":\"Tewis\",\"image\":{\"@type\":\"ImageObject\",\"inLanguage\":\"en-US\",\"@id\":\"https:\/\/tewis.com\/#\/schema\/person\/image\/\",\"url\":\"https:\/\/secure.gravatar.com\/avatar\/e02ea48bcaf717c303d52cc8a6ba2858?s=96&d=mm&r=g\",\"contentUrl\":\"https:\/\/secure.gravatar.com\/avatar\/e02ea48bcaf717c303d52cc8a6ba2858?s=96&d=mm&r=g\",\"caption\":\"Tewis\"}}]}<\/script>\n<!-- \/ Yoast SEO plugin. -->","yoast_head_json":{"title":"Tewis en Euroshop 2020, una edici\u00f3n memorable | Tewis","description":"Tewis no ha dudado en participar en este evento internacional tan relevante para presentar sus \u00faltimas innovaciones en el sector de la refrigeraci\u00f3n natural","robots":{"index":"index","follow":"follow","max-snippet":"max-snippet:-1","max-image-preview":"max-image-preview:large","max-video-preview":"max-video-preview:-1"},"canonical":"https:\/\/tewis.com\/tewis-en-euroshop-2020-una-edicion-memorable\/","og_locale":"en_US","og_type":"article","og_title":"Tewis en Euroshop 2020, una edici\u00f3n memorable | Tewis","og_description":"Tewis no ha dudado en participar en este evento internacional tan relevante para presentar sus \u00faltimas innovaciones en el sector de la refrigeraci\u00f3n natural","og_url":"https:\/\/tewis.com\/tewis-en-euroshop-2020-una-edicion-memorable\/","og_site_name":"Tewis","article_publisher":"https:\/\/www.facebook.com\/pages\/Tewis-Smart-Solutions-International\/299390543491462","article_published_time":"2020-02-24T16:45:33+00:00","article_modified_time":"2020-02-24T16:46:43+00:00","og_image":[{"width":1024,"height":768,"url":"https:\/\/tewis.com\/wp-content\/uploads\/2-1024x768.jpg","type":"image\/jpeg"}],"author":"Tewis","twitter_card":"summary_large_image","twitter_creator":"@tewissmart","twitter_site":"@tewissmart","twitter_misc":{"Written by":"Tewis","Est. reading time":"2 minutes"},"schema":{"@context":"https:\/\/schema.org","@graph":[{"@type":"Article","@id":"https:\/\/tewis.com\/tewis-en-euroshop-2020-una-edicion-memorable\/#article","isPartOf":{"@id":"https:\/\/tewis.com\/tewis-en-euroshop-2020-una-edicion-memorable\/"},"author":{"name":"Tewis","@id":"https:\/\/tewis.com\/#\/schema\/person\/94fa2afa35e32c52bdc59903bdc82d52"},"headline":"Tewis en Euroshop 2020, una edici\u00f3n memorable","datePublished":"2020-02-24T16:45:33+00:00","dateModified":"2020-02-24T16:46:43+00:00","mainEntityOfPage":{"@id":"https:\/\/tewis.com\/tewis-en-euroshop-2020-una-edicion-memorable\/"},"wordCount":348,"commentCount":0,"publisher":{"@id":"https:\/\/tewis.com\/#organization"},"image":{"@id":"https:\/\/tewis.com\/tewis-en-euroshop-2020-una-edicion-memorable\/#primaryimage"},"thumbnailUrl":"https:\/\/tewis.com\/wp-content\/uploads\/2.jpg","keywords":["euroshop","eventos","ferias","FullCo2","NS21","NV66+"],"articleSection":["Eventos","Tewis"],"inLanguage":"en-US","potentialAction":[{"@type":"CommentAction","name":"Comment","target":["https:\/\/tewis.com\/tewis-en-euroshop-2020-una-edicion-memorable\/#respond"]}]},{"@type":"WebPage","@id":"https:\/\/tewis.com\/tewis-en-euroshop-2020-una-edicion-memorable\/","url":"https:\/\/tewis.com\/tewis-en-euroshop-2020-una-edicion-memorable\/","name":"Tewis en Euroshop 2020, una edici\u00f3n memorable | Tewis","isPartOf":{"@id":"https:\/\/tewis.com\/#website"},"primaryImageOfPage":{"@id":"https:\/\/tewis.com\/tewis-en-euroshop-2020-una-edicion-memorable\/#primaryimage"},"image":{"@id":"https:\/\/tewis.com\/tewis-en-euroshop-2020-una-edicion-memorable\/#primaryimage"},"thumbnailUrl":"https:\/\/tewis.com\/wp-content\/uploads\/2.jpg","datePublished":"2020-02-24T16:45:33+00:00","dateModified":"2020-02-24T16:46:43+00:00","description":"Tewis no ha dudado en participar en este evento internacional tan relevante para presentar sus \u00faltimas innovaciones en el sector de la refrigeraci\u00f3n natural","breadcrumb":{"@id":"https:\/\/tewis.com\/tewis-en-euroshop-2020-una-edicion-memorable\/#breadcrumb"},"inLanguage":"en-US","potentialAction":[{"@type":"ReadAction","target":["https:\/\/tewis.com\/tewis-en-euroshop-2020-una-edicion-memorable\/"]}]},{"@type":"ImageObject","inLanguage":"en-US","@id":"https:\/\/tewis.com\/tewis-en-euroshop-2020-una-edicion-memorable\/#primaryimage","url":"https:\/\/tewis.com\/wp-content\/uploads\/2.jpg","contentUrl":"https:\/\/tewis.com\/wp-content\/uploads\/2.jpg","width":4032,"height":3024},{"@type":"BreadcrumbList","@id":"https:\/\/tewis.com\/tewis-en-euroshop-2020-una-edicion-memorable\/#breadcrumb","itemListElement":[{"@type":"ListItem","position":1,"name":"Portada","item":"https:\/\/tewis.com\/en\/"},{"@type":"ListItem","position":2,"name":"Tewis en Euroshop 2020, una edici\u00f3n memorable"}]},{"@type":"WebSite","@id":"https:\/\/tewis.com\/#website","url":"https:\/\/tewis.com\/","name":"Tewis","description":"Ingenier\u00eda para la eficiencia","publisher":{"@id":"https:\/\/tewis.com\/#organization"},"potentialAction":[{"@type":"SearchAction","target":{"@type":"EntryPoint","urlTemplate":"https:\/\/tewis.com\/?s={search_term_string}"},"query-input":"required name=search_term_string"}],"inLanguage":"en-US"},{"@type":"Organization","@id":"https:\/\/tewis.com\/#organization","name":"Tewis","url":"https:\/\/tewis.com\/","logo":{"@type":"ImageObject","inLanguage":"en-US","@id":"https:\/\/tewis.com\/#\/schema\/logo\/image\/","url":"https:\/\/tewis.com\/wp-content\/uploads\/Tewis-Daikin_logoS.png","contentUrl":"https:\/\/tewis.com\/wp-content\/uploads\/Tewis-Daikin_logoS.png","width":981,"height":482,"caption":"Tewis"},"image":{"@id":"https:\/\/tewis.com\/#\/schema\/logo\/image\/"},"sameAs":["https:\/\/www.facebook.com\/pages\/Tewis-Smart-Solutions-International\/299390543491462","https:\/\/x.com\/tewissmart","http:\/\/www.linkedin.com\/company\/tewis-smart-system-international","https:\/\/www.youtube.com\/channel\/UC6gxVg8jneuZBUSobS3qFiA"]},{"@type":"Person","@id":"https:\/\/tewis.com\/#\/schema\/person\/94fa2afa35e32c52bdc59903bdc82d52","name":"Tewis","image":{"@type":"ImageObject","inLanguage":"en-US","@id":"https:\/\/tewis.com\/#\/schema\/person\/image\/","url":"https:\/\/secure.gravatar.com\/avatar\/e02ea48bcaf717c303d52cc8a6ba2858?s=96&d=mm&r=g","contentUrl":"https:\/\/secure.gravatar.com\/avatar\/e02ea48bcaf717c303d52cc8a6ba2858?s=96&d=mm&r=g","caption":"Tewis"}}]}},"_links":{"self":[{"href":"https:\/\/tewis.com\/en\/wp-json\/wp\/v2\/posts\/3190"}],"collection":[{"href":"https:\/\/tewis.com\/en\/wp-json\/wp\/v2\/posts"}],"about":[{"href":"https:\/\/tewis.com\/en\/wp-json\/wp\/v2\/types\/post"}],"author":[{"embeddable":true,"href":"https:\/\/tewis.com\/en\/wp-json\/wp\/v2\/users\/1"}],"replies":[{"embeddable":true,"href":"https:\/\/tewis.com\/en\/wp-json\/wp\/v2\/comments?post=3190"}],"version-history":[{"count":3,"href":"https:\/\/tewis.com\/en\/wp-json\/wp\/v2\/posts\/3190\/revisions"}],"predecessor-version":[{"id":3197,"href":"https:\/\/tewis.com\/en\/wp-json\/wp\/v2\/posts\/3190\/revisions\/3197"}],"wp:featuredmedia":[{"embeddable":true,"href":"https:\/\/tewis.com\/en\/wp-json\/wp\/v2\/media\/3192"}],"wp:attachment":[{"href":"https:\/\/tewis.com\/en\/wp-json\/wp\/v2\/media?parent=3190"}],"wp:term":[{"taxonomy":"category","embeddable":true,"href":"https:\/\/tewis.com\/en\/wp-json\/wp\/v2\/categories?post=3190"},{"taxonomy":"post_tag","embeddable":true,"href":"https:\/\/tewis.com\/en\/wp-json\/wp\/v2\/tags?post=3190"}],"curies":[{"name":"wp","href":"https:\/\/api.w.org\/{rel}","templated":true}]}}