{"id":2437,"date":"2017-09-06T12:47:42","date_gmt":"2017-09-06T10:47:42","guid":{"rendered":"http:\/\/tewis.com\/?p=2437"},"modified":"2017-09-06T12:51:20","modified_gmt":"2017-09-06T10:51:20","slug":"tewis-atmosphere-europa","status":"publish","type":"post","link":"https:\/\/tewis.com\/en\/tewis-atmosphere-europa\/","title":{"rendered":"Tewis en ATMOsphere Europa"},"content":{"rendered":"<h2>Tewis participar\u00e1 como patrocinador plata en ATMOsphere Europa, Berl\u00edn<\/h2>\n<p>&nbsp;<\/p>\n<p><strong>Tewis<\/strong> participar\u00e1 de primera mano y como patrocinador plata, en las jornadas <strong>ATMOsphere Europa<\/strong> que se celebrar\u00e1n en Berl\u00edn del 25 al 27 de septiembre.<\/p>\n<p>El encuentro tiene como finalidad profundizar en las posibilidades de la <strong>refrigeraci\u00f3n natural<\/strong>, analizando las posibilidades reales de expansi\u00f3n y las tecnolog\u00edas que garantizan la eficiencia y el cumplimiento de las normativas europeas de reducci\u00f3n de los \u00edndices de contaminaci\u00f3n.<\/p>\n<p>A modo de continuaci\u00f3n de los principios expuestos en ATMOSphere San Diego, el pasado mes de junio, Tewis defender\u00e1 las soluciones industriales m\u00e1s avanzadas con <strong>Amoniaco y CO<sub>2<\/sub><\/strong><\/p>\n<p>Como gran apuesta para la refrigeraci\u00f3n comercial, desde Tewis apostamos por cuatro propuestas dentro de la <strong>gama Full CO<sub>2<\/sub><\/strong> cada una con importantes ventajas y diferencias que permiten al cliente escoger la soluci\u00f3n que mejor se adapte a su realidad de potencia requerida y, sobre todo, a la temperatura ambiente en la que va a funcionar.<\/p>\n<p>Basado en estudios t\u00e9cnicos contrastados, la <strong>gama FULL CO<sub>2<\/sub><\/strong> incluye ventajas y puntos de seguridad que nos permite olvidar las antiguas trabas para la instalaci\u00f3n de m\u00e1quinas de refrigeraci\u00f3n que utilizan el CO<sub>2<\/sub> como refrigerante.<\/p>\n<blockquote><p>Desde Tewis le invitamos a visitar esta exposici\u00f3n que contar\u00e1 con m\u00e1s de 350 expositores y 65 ponentes.<\/p>\n<p>Para m\u00e1s detalle de la participaci\u00f3n de <strong>Tewis en ATMOsphere Europa<\/strong>, consulte: <a href=\"https:\/\/l.feathr.co\/v0\/atmosphere-europe-2017-tewis-h\">https:\/\/l.feathr.co\/v0\/atmosphere-europe-2017-tewis-h<\/a><\/p>\n<p>Si desea asistir al evento, le invitamos a contactarnos a trav\u00e9s de nuestro mail <a href=\"mailto:marketing@tewis.com\">marketing@tewis.com<\/a> donde le facilitaremos un descuento del 25% para su registro.<\/p><\/blockquote>\n","protected":false},"excerpt":{"rendered":"<p>Tewis participar\u00e1 como patrocinador plata en ATMOsphere Europa, Berl\u00edn &nbsp; Tewis participar\u00e1 de primera mano y como patrocinador plata, en las jornadas ATMOsphere Europa que se celebrar\u00e1n en Berl\u00edn del 25 al 27 de septiembre. El encuentro tiene como finalidad profundizar en las posibilidades de la refrigeraci\u00f3n natural, analizando las posibilidades reales de expansi\u00f3n y [&hellip;]<\/p>\n","protected":false},"author":1,"featured_media":2444,"comment_status":"open","ping_status":"closed","sticky":false,"template":"","format":"standard","meta":{"_et_pb_use_builder":"","_et_pb_old_content":"","_et_gb_content_width":"","_exactmetrics_skip_tracking":false,"_exactmetrics_sitenote_active":false,"_exactmetrics_sitenote_note":"","_exactmetrics_sitenote_category":0,"footnotes":""},"categories":[31],"tags":[],"yoast_head":"<!-- This site is optimized with the Yoast SEO plugin v22.8 - https:\/\/yoast.com\/wordpress\/plugins\/seo\/ -->\n<title>Tewis en ATMOsphere Europa | Tewis<\/title>\n<meta name=\"description\" content=\"Tewis participar\u00e1 como patrocinador plata, en las jornadas ATMOsphere Europa que se celebrar\u00e1n en Berl\u00edn del 25 al 27 de septiembre. Refrigerantes naturales\" \/>\n<meta name=\"robots\" content=\"index, follow, max-snippet:-1, max-image-preview:large, max-video-preview:-1\" \/>\n<link rel=\"canonical\" href=\"https:\/\/tewis.com\/tewis-atmosphere-europa\/\" \/>\n<meta property=\"og:locale\" content=\"en_US\" \/>\n<meta property=\"og:type\" content=\"article\" \/>\n<meta property=\"og:title\" content=\"Tewis en ATMOsphere Europa | Tewis\" \/>\n<meta property=\"og:description\" content=\"Tewis participar\u00e1 como patrocinador plata, en las jornadas ATMOsphere Europa que se celebrar\u00e1n en Berl\u00edn del 25 al 27 de septiembre. Refrigerantes naturales\" \/>\n<meta property=\"og:url\" content=\"https:\/\/tewis.com\/tewis-atmosphere-europa\/\" \/>\n<meta property=\"og:site_name\" content=\"Tewis\" \/>\n<meta property=\"article:publisher\" content=\"https:\/\/www.facebook.com\/pages\/Tewis-Smart-Solutions-International\/299390543491462\" \/>\n<meta property=\"article:published_time\" content=\"2017-09-06T10:47:42+00:00\" \/>\n<meta property=\"article:modified_time\" content=\"2017-09-06T10:51:20+00:00\" \/>\n<meta property=\"og:image\" content=\"https:\/\/tewis.com\/wp-content\/uploads\/170302_ATMO_Europe_sponsor_silver_signature_large.png\" \/>\n\t<meta property=\"og:image:width\" content=\"1200\" \/>\n\t<meta property=\"og:image:height\" content=\"900\" \/>\n\t<meta property=\"og:image:type\" content=\"image\/png\" \/>\n<meta name=\"author\" content=\"Tewis\" \/>\n<meta name=\"twitter:card\" content=\"summary_large_image\" \/>\n<meta name=\"twitter:creator\" content=\"@tewissmart\" \/>\n<meta name=\"twitter:site\" content=\"@tewissmart\" \/>\n<meta name=\"twitter:label1\" content=\"Written by\" \/>\n\t<meta name=\"twitter:data1\" content=\"Tewis\" \/>\n\t<meta name=\"twitter:label2\" content=\"Est. reading time\" \/>\n\t<meta name=\"twitter:data2\" content=\"1 minute\" \/>\n<script type=\"application\/ld+json\" class=\"yoast-schema-graph\">{\"@context\":\"https:\/\/schema.org\",\"@graph\":[{\"@type\":\"Article\",\"@id\":\"https:\/\/tewis.com\/tewis-atmosphere-europa\/#article\",\"isPartOf\":{\"@id\":\"https:\/\/tewis.com\/tewis-atmosphere-europa\/\"},\"author\":{\"name\":\"Tewis\",\"@id\":\"https:\/\/tewis.com\/#\/schema\/person\/94fa2afa35e32c52bdc59903bdc82d52\"},\"headline\":\"Tewis en ATMOsphere Europa\",\"datePublished\":\"2017-09-06T10:47:42+00:00\",\"dateModified\":\"2017-09-06T10:51:20+00:00\",\"mainEntityOfPage\":{\"@id\":\"https:\/\/tewis.com\/tewis-atmosphere-europa\/\"},\"wordCount\":278,\"commentCount\":0,\"publisher\":{\"@id\":\"https:\/\/tewis.com\/#organization\"},\"image\":{\"@id\":\"https:\/\/tewis.com\/tewis-atmosphere-europa\/#primaryimage\"},\"thumbnailUrl\":\"https:\/\/tewis.com\/wp-content\/uploads\/170302_ATMO_Europe_sponsor_silver_signature_large.png\",\"articleSection\":[\"Eventos\"],\"inLanguage\":\"en-US\",\"potentialAction\":[{\"@type\":\"CommentAction\",\"name\":\"Comment\",\"target\":[\"https:\/\/tewis.com\/tewis-atmosphere-europa\/#respond\"]}]},{\"@type\":\"WebPage\",\"@id\":\"https:\/\/tewis.com\/tewis-atmosphere-europa\/\",\"url\":\"https:\/\/tewis.com\/tewis-atmosphere-europa\/\",\"name\":\"Tewis en ATMOsphere Europa | Tewis\",\"isPartOf\":{\"@id\":\"https:\/\/tewis.com\/#website\"},\"primaryImageOfPage\":{\"@id\":\"https:\/\/tewis.com\/tewis-atmosphere-europa\/#primaryimage\"},\"image\":{\"@id\":\"https:\/\/tewis.com\/tewis-atmosphere-europa\/#primaryimage\"},\"thumbnailUrl\":\"https:\/\/tewis.com\/wp-content\/uploads\/170302_ATMO_Europe_sponsor_silver_signature_large.png\",\"datePublished\":\"2017-09-06T10:47:42+00:00\",\"dateModified\":\"2017-09-06T10:51:20+00:00\",\"description\":\"Tewis participar\u00e1 como patrocinador plata, en las jornadas ATMOsphere Europa que se celebrar\u00e1n en Berl\u00edn del 25 al 27 de septiembre. Refrigerantes naturales\",\"breadcrumb\":{\"@id\":\"https:\/\/tewis.com\/tewis-atmosphere-europa\/#breadcrumb\"},\"inLanguage\":\"en-US\",\"potentialAction\":[{\"@type\":\"ReadAction\",\"target\":[\"https:\/\/tewis.com\/tewis-atmosphere-europa\/\"]}]},{\"@type\":\"ImageObject\",\"inLanguage\":\"en-US\",\"@id\":\"https:\/\/tewis.com\/tewis-atmosphere-europa\/#primaryimage\",\"url\":\"https:\/\/tewis.com\/wp-content\/uploads\/170302_ATMO_Europe_sponsor_silver_signature_large.png\",\"contentUrl\":\"https:\/\/tewis.com\/wp-content\/uploads\/170302_ATMO_Europe_sponsor_silver_signature_large.png\",\"width\":1200,\"height\":900,\"caption\":\"Tewis Atmosphere Europa\"},{\"@type\":\"BreadcrumbList\",\"@id\":\"https:\/\/tewis.com\/tewis-atmosphere-europa\/#breadcrumb\",\"itemListElement\":[{\"@type\":\"ListItem\",\"position\":1,\"name\":\"Portada\",\"item\":\"https:\/\/tewis.com\/en\/\"},{\"@type\":\"ListItem\",\"position\":2,\"name\":\"Tewis en ATMOsphere Europa\"}]},{\"@type\":\"WebSite\",\"@id\":\"https:\/\/tewis.com\/#website\",\"url\":\"https:\/\/tewis.com\/\",\"name\":\"Tewis\",\"description\":\"Ingenier\u00eda para la eficiencia\",\"publisher\":{\"@id\":\"https:\/\/tewis.com\/#organization\"},\"potentialAction\":[{\"@type\":\"SearchAction\",\"target\":{\"@type\":\"EntryPoint\",\"urlTemplate\":\"https:\/\/tewis.com\/?s={search_term_string}\"},\"query-input\":\"required name=search_term_string\"}],\"inLanguage\":\"en-US\"},{\"@type\":\"Organization\",\"@id\":\"https:\/\/tewis.com\/#organization\",\"name\":\"Tewis\",\"url\":\"https:\/\/tewis.com\/\",\"logo\":{\"@type\":\"ImageObject\",\"inLanguage\":\"en-US\",\"@id\":\"https:\/\/tewis.com\/#\/schema\/logo\/image\/\",\"url\":\"https:\/\/tewis.com\/wp-content\/uploads\/Tewis-Daikin_logoS.png\",\"contentUrl\":\"https:\/\/tewis.com\/wp-content\/uploads\/Tewis-Daikin_logoS.png\",\"width\":981,\"height\":482,\"caption\":\"Tewis\"},\"image\":{\"@id\":\"https:\/\/tewis.com\/#\/schema\/logo\/image\/\"},\"sameAs\":[\"https:\/\/www.facebook.com\/pages\/Tewis-Smart-Solutions-International\/299390543491462\",\"https:\/\/x.com\/tewissmart\",\"http:\/\/www.linkedin.com\/company\/tewis-smart-system-international\",\"https:\/\/www.youtube.com\/channel\/UC6gxVg8jneuZBUSobS3qFiA\"]},{\"@type\":\"Person\",\"@id\":\"https:\/\/tewis.com\/#\/schema\/person\/94fa2afa35e32c52bdc59903bdc82d52\",\"name\":\"Tewis\",\"image\":{\"@type\":\"ImageObject\",\"inLanguage\":\"en-US\",\"@id\":\"https:\/\/tewis.com\/#\/schema\/person\/image\/\",\"url\":\"https:\/\/secure.gravatar.com\/avatar\/e02ea48bcaf717c303d52cc8a6ba2858?s=96&d=mm&r=g\",\"contentUrl\":\"https:\/\/secure.gravatar.com\/avatar\/e02ea48bcaf717c303d52cc8a6ba2858?s=96&d=mm&r=g\",\"caption\":\"Tewis\"}}]}<\/script>\n<!-- \/ Yoast SEO plugin. -->","yoast_head_json":{"title":"Tewis en ATMOsphere Europa | Tewis","description":"Tewis participar\u00e1 como patrocinador plata, en las jornadas ATMOsphere Europa que se celebrar\u00e1n en Berl\u00edn del 25 al 27 de septiembre. Refrigerantes naturales","robots":{"index":"index","follow":"follow","max-snippet":"max-snippet:-1","max-image-preview":"max-image-preview:large","max-video-preview":"max-video-preview:-1"},"canonical":"https:\/\/tewis.com\/tewis-atmosphere-europa\/","og_locale":"en_US","og_type":"article","og_title":"Tewis en ATMOsphere Europa | Tewis","og_description":"Tewis participar\u00e1 como patrocinador plata, en las jornadas ATMOsphere Europa que se celebrar\u00e1n en Berl\u00edn del 25 al 27 de septiembre. Refrigerantes naturales","og_url":"https:\/\/tewis.com\/tewis-atmosphere-europa\/","og_site_name":"Tewis","article_publisher":"https:\/\/www.facebook.com\/pages\/Tewis-Smart-Solutions-International\/299390543491462","article_published_time":"2017-09-06T10:47:42+00:00","article_modified_time":"2017-09-06T10:51:20+00:00","og_image":[{"width":1200,"height":900,"url":"https:\/\/tewis.com\/wp-content\/uploads\/170302_ATMO_Europe_sponsor_silver_signature_large.png","type":"image\/png"}],"author":"Tewis","twitter_card":"summary_large_image","twitter_creator":"@tewissmart","twitter_site":"@tewissmart","twitter_misc":{"Written by":"Tewis","Est. reading time":"1 minute"},"schema":{"@context":"https:\/\/schema.org","@graph":[{"@type":"Article","@id":"https:\/\/tewis.com\/tewis-atmosphere-europa\/#article","isPartOf":{"@id":"https:\/\/tewis.com\/tewis-atmosphere-europa\/"},"author":{"name":"Tewis","@id":"https:\/\/tewis.com\/#\/schema\/person\/94fa2afa35e32c52bdc59903bdc82d52"},"headline":"Tewis en ATMOsphere Europa","datePublished":"2017-09-06T10:47:42+00:00","dateModified":"2017-09-06T10:51:20+00:00","mainEntityOfPage":{"@id":"https:\/\/tewis.com\/tewis-atmosphere-europa\/"},"wordCount":278,"commentCount":0,"publisher":{"@id":"https:\/\/tewis.com\/#organization"},"image":{"@id":"https:\/\/tewis.com\/tewis-atmosphere-europa\/#primaryimage"},"thumbnailUrl":"https:\/\/tewis.com\/wp-content\/uploads\/170302_ATMO_Europe_sponsor_silver_signature_large.png","articleSection":["Eventos"],"inLanguage":"en-US","potentialAction":[{"@type":"CommentAction","name":"Comment","target":["https:\/\/tewis.com\/tewis-atmosphere-europa\/#respond"]}]},{"@type":"WebPage","@id":"https:\/\/tewis.com\/tewis-atmosphere-europa\/","url":"https:\/\/tewis.com\/tewis-atmosphere-europa\/","name":"Tewis en ATMOsphere Europa | Tewis","isPartOf":{"@id":"https:\/\/tewis.com\/#website"},"primaryImageOfPage":{"@id":"https:\/\/tewis.com\/tewis-atmosphere-europa\/#primaryimage"},"image":{"@id":"https:\/\/tewis.com\/tewis-atmosphere-europa\/#primaryimage"},"thumbnailUrl":"https:\/\/tewis.com\/wp-content\/uploads\/170302_ATMO_Europe_sponsor_silver_signature_large.png","datePublished":"2017-09-06T10:47:42+00:00","dateModified":"2017-09-06T10:51:20+00:00","description":"Tewis participar\u00e1 como patrocinador plata, en las jornadas ATMOsphere Europa que se celebrar\u00e1n en Berl\u00edn del 25 al 27 de septiembre. Refrigerantes naturales","breadcrumb":{"@id":"https:\/\/tewis.com\/tewis-atmosphere-europa\/#breadcrumb"},"inLanguage":"en-US","potentialAction":[{"@type":"ReadAction","target":["https:\/\/tewis.com\/tewis-atmosphere-europa\/"]}]},{"@type":"ImageObject","inLanguage":"en-US","@id":"https:\/\/tewis.com\/tewis-atmosphere-europa\/#primaryimage","url":"https:\/\/tewis.com\/wp-content\/uploads\/170302_ATMO_Europe_sponsor_silver_signature_large.png","contentUrl":"https:\/\/tewis.com\/wp-content\/uploads\/170302_ATMO_Europe_sponsor_silver_signature_large.png","width":1200,"height":900,"caption":"Tewis Atmosphere Europa"},{"@type":"BreadcrumbList","@id":"https:\/\/tewis.com\/tewis-atmosphere-europa\/#breadcrumb","itemListElement":[{"@type":"ListItem","position":1,"name":"Portada","item":"https:\/\/tewis.com\/en\/"},{"@type":"ListItem","position":2,"name":"Tewis en ATMOsphere Europa"}]},{"@type":"WebSite","@id":"https:\/\/tewis.com\/#website","url":"https:\/\/tewis.com\/","name":"Tewis","description":"Ingenier\u00eda para la eficiencia","publisher":{"@id":"https:\/\/tewis.com\/#organization"},"potentialAction":[{"@type":"SearchAction","target":{"@type":"EntryPoint","urlTemplate":"https:\/\/tewis.com\/?s={search_term_string}"},"query-input":"required name=search_term_string"}],"inLanguage":"en-US"},{"@type":"Organization","@id":"https:\/\/tewis.com\/#organization","name":"Tewis","url":"https:\/\/tewis.com\/","logo":{"@type":"ImageObject","inLanguage":"en-US","@id":"https:\/\/tewis.com\/#\/schema\/logo\/image\/","url":"https:\/\/tewis.com\/wp-content\/uploads\/Tewis-Daikin_logoS.png","contentUrl":"https:\/\/tewis.com\/wp-content\/uploads\/Tewis-Daikin_logoS.png","width":981,"height":482,"caption":"Tewis"},"image":{"@id":"https:\/\/tewis.com\/#\/schema\/logo\/image\/"},"sameAs":["https:\/\/www.facebook.com\/pages\/Tewis-Smart-Solutions-International\/299390543491462","https:\/\/x.com\/tewissmart","http:\/\/www.linkedin.com\/company\/tewis-smart-system-international","https:\/\/www.youtube.com\/channel\/UC6gxVg8jneuZBUSobS3qFiA"]},{"@type":"Person","@id":"https:\/\/tewis.com\/#\/schema\/person\/94fa2afa35e32c52bdc59903bdc82d52","name":"Tewis","image":{"@type":"ImageObject","inLanguage":"en-US","@id":"https:\/\/tewis.com\/#\/schema\/person\/image\/","url":"https:\/\/secure.gravatar.com\/avatar\/e02ea48bcaf717c303d52cc8a6ba2858?s=96&d=mm&r=g","contentUrl":"https:\/\/secure.gravatar.com\/avatar\/e02ea48bcaf717c303d52cc8a6ba2858?s=96&d=mm&r=g","caption":"Tewis"}}]}},"_links":{"self":[{"href":"https:\/\/tewis.com\/en\/wp-json\/wp\/v2\/posts\/2437"}],"collection":[{"href":"https:\/\/tewis.com\/en\/wp-json\/wp\/v2\/posts"}],"about":[{"href":"https:\/\/tewis.com\/en\/wp-json\/wp\/v2\/types\/post"}],"author":[{"embeddable":true,"href":"https:\/\/tewis.com\/en\/wp-json\/wp\/v2\/users\/1"}],"replies":[{"embeddable":true,"href":"https:\/\/tewis.com\/en\/wp-json\/wp\/v2\/comments?post=2437"}],"version-history":[{"count":2,"href":"https:\/\/tewis.com\/en\/wp-json\/wp\/v2\/posts\/2437\/revisions"}],"predecessor-version":[{"id":2443,"href":"https:\/\/tewis.com\/en\/wp-json\/wp\/v2\/posts\/2437\/revisions\/2443"}],"wp:featuredmedia":[{"embeddable":true,"href":"https:\/\/tewis.com\/en\/wp-json\/wp\/v2\/media\/2444"}],"wp:attachment":[{"href":"https:\/\/tewis.com\/en\/wp-json\/wp\/v2\/media?parent=2437"}],"wp:term":[{"taxonomy":"category","embeddable":true,"href":"https:\/\/tewis.com\/en\/wp-json\/wp\/v2\/categories?post=2437"},{"taxonomy":"post_tag","embeddable":true,"href":"https:\/\/tewis.com\/en\/wp-json\/wp\/v2\/tags?post=2437"}],"curies":[{"name":"wp","href":"https:\/\/api.w.org\/{rel}","templated":true}]}}